{"id":95612,"date":"2019-10-15T06:28:17","date_gmt":"2019-10-15T09:28:17","guid":{"rendered":"http:\/\/www.blogdothame.blog.br\/v1\/?p=95612"},"modified":"2019-10-14T16:35:23","modified_gmt":"2019-10-14T19:35:23","slug":"95612","status":"publish","type":"post","link":"https:\/\/www.blogdothame.blog.br\/v1\/2019\/10\/15\/95612\/","title":{"rendered":"Projeto realiza aul\u00e3o de reda\u00e7\u00e3o para ENEM em Itabuna"},"content":{"rendered":"<p><img loading=\"lazy\" class=\"aligncenter  wp-image-83455\" src=\"http:\/\/www.blogdothame.blog.br\/v1\/wp-content\/uploads\/2018\/11\/enem.jpg\" alt=\"enem\" width=\"362\" height=\"241\" srcset=\"https:\/\/www.blogdothame.blog.br\/v1\/wp-content\/uploads\/2018\/11\/enem.jpg 1140w, https:\/\/www.blogdothame.blog.br\/v1\/wp-content\/uploads\/2018\/11\/enem-300x200.jpg 300w, https:\/\/www.blogdothame.blog.br\/v1\/wp-content\/uploads\/2018\/11\/enem-1024x683.jpg 1024w\" sizes=\"(max-width: 362px) 100vw, 362px\" \/>A prova de reda\u00e7\u00e3o \u00e9 uma das mais temidas pelos candidatos ao Exame Nacional do Ensino M\u00e9dio (Enem). S\u00f3 no ano passado, dos 81 mil textos que alcan\u00e7aram notas a partir de 900, apenas 55 atingiram a pontua\u00e7\u00e3o m\u00e1xima, segundo dados do Instituto Nacional de Estudos e Pesquisas Educacionais An\u00edsio Teixeira (Inep).<\/p>\n<p>Para auxiliar os candidatos na prepara\u00e7\u00e3o para a prova, o projeto \u201cDireito nas Escolas\u201d, do curso de Direito da Unime Itabuna, promove o \u201cAul\u00e3o de Reda\u00e7\u00e3o ENEM\u201d no dia 19 de outubro, \u00e0s 8h30, no audit\u00f3rio da unidade, no campus II.<\/p>\n<p>Intitulada &#8220;O Direito e a Reda\u00e7\u00e3o do Enem&#8221;, a a\u00e7\u00e3o apresentar\u00e1 os temas mais cotados para o Enem 2019 sob a \u00f3tica do Direito. Os temas ser\u00e3o debatidos de forma din\u00e2mica e interativa, seguidos de dicas sobre como aplic\u00e1-los \u00e0 reda\u00e7\u00e3o de forma r\u00e1pida e efetiva.<\/p>\n<p><!--more--><\/p>\n<p>A atividade ser\u00e1 conduzida pela aluna do s\u00e9timo semestre do curso de Direito Mellyssa de K\u00e1ssia Magalh\u00e3es, que alcan\u00e7ou nota m\u00e1xima na prova de reda\u00e7\u00e3o da Universidade Estadual do Sul da Bahia e que possui curso de Portugu\u00eas, Interpreta\u00e7\u00e3o e Reda\u00e7\u00e3o pelo Instituto de Ensino \u00c1lvaro Veiga.<\/p>\n<p>S\u00e3o oferecidas 250 vagas. As inscri\u00e7\u00f5es podem ser feitas mediante doa\u00e7\u00e3o de 1kg de ra\u00e7\u00e3o para c\u00e3es ou gatos por meio de formul\u00e1rio, dispon\u00edvel no link:\u00a0<a href=\"http:\/\/bit.ly\/unimeaulaoenem\" data-saferedirecturl=\"https:\/\/www.google.com\/url?q=http:\/\/bit.ly\/unimeaulaoenem&amp;source=gmail&amp;ust=1571167577345000&amp;usg=AFQjCNGczankf8FG9A7ww5wjOLGchtIZtQ\">http:\/\/bit.ly\/unimeaulaoenem<\/a>. A ra\u00e7\u00e3o deve ser entregue no dia do aul\u00e3o e todos as doa\u00e7\u00f5es ser\u00e3o entregue a ONG Bichara, de Itabuna.<\/p>\n<p><strong>Direito nas Escolas<\/strong><\/p>\n<p>Projeto de extens\u00e3o criado por acad\u00eamicos do curso de Direito da Unime, que tem o intuito de transpassar conhecimentos b\u00e1sicos do Direito, ligados ao cotidiano dos jovens e adolescentes por meio de aulas ministradas pelos discentes nas escolas de ensino m\u00e9dio, com a realiza\u00e7\u00e3o da oficina \u201cDireito em Pauta\u201d, aproximando cada vez mais o Direito da comunidade.<\/p>\n","protected":false},"excerpt":{"rendered":"<p>A prova de reda\u00e7\u00e3o \u00e9 uma das mais temidas pelos candidatos ao Exame Nacional do Ensino M\u00e9dio (Enem). S\u00f3 no ano passado, dos 81 mil textos que alcan\u00e7aram notas a partir de 900, apenas 55 atingiram a pontua\u00e7\u00e3o m\u00e1xima, segundo dados do Instituto Nacional de Estudos e Pesquisas Educacionais An\u00edsio Teixeira (Inep). Para auxiliar os [&hellip;]<\/p>\n","protected":false},"author":2,"featured_media":0,"comment_status":"open","ping_status":"open","sticky":false,"template":"","format":"standard","meta":{"_links_to":"","_links_to_target":""},"categories":[1],"tags":[27,39,25668,970,25669],"_links":{"self":[{"href":"https:\/\/www.blogdothame.blog.br\/v1\/wp-json\/wp\/v2\/posts\/95612"}],"collection":[{"href":"https:\/\/www.blogdothame.blog.br\/v1\/wp-json\/wp\/v2\/posts"}],"about":[{"href":"https:\/\/www.blogdothame.blog.br\/v1\/wp-json\/wp\/v2\/types\/post"}],"author":[{"embeddable":true,"href":"https:\/\/www.blogdothame.blog.br\/v1\/wp-json\/wp\/v2\/users\/2"}],"replies":[{"embeddable":true,"href":"https:\/\/www.blogdothame.blog.br\/v1\/wp-json\/wp\/v2\/comments?post=95612"}],"version-history":[{"count":5,"href":"https:\/\/www.blogdothame.blog.br\/v1\/wp-json\/wp\/v2\/posts\/95612\/revisions"}],"predecessor-version":[{"id":95617,"href":"https:\/\/www.blogdothame.blog.br\/v1\/wp-json\/wp\/v2\/posts\/95612\/revisions\/95617"}],"wp:attachment":[{"href":"https:\/\/www.blogdothame.blog.br\/v1\/wp-json\/wp\/v2\/media?parent=95612"}],"wp:term":[{"taxonomy":"category","embeddable":true,"href":"https:\/\/www.blogdothame.blog.br\/v1\/wp-json\/wp\/v2\/categories?post=95612"},{"taxonomy":"post_tag","embeddable":true,"href":"https:\/\/www.blogdothame.blog.br\/v1\/wp-json\/wp\/v2\/tags?post=95612"}],"curies":[{"name":"wp","href":"https:\/\/api.w.org\/{rel}","templated":true}]}}