{"id":95338,"date":"2019-10-08T06:41:54","date_gmt":"2019-10-08T09:41:54","guid":{"rendered":"http:\/\/www.blogdothame.blog.br\/v1\/?p=95338"},"modified":"2019-10-07T15:49:44","modified_gmt":"2019-10-07T18:49:44","slug":"prefeitura-antecipa-feriado-do-dia-do-comerciario-em-itabuna","status":"publish","type":"post","link":"https:\/\/www.blogdothame.blog.br\/v1\/2019\/10\/08\/prefeitura-antecipa-feriado-do-dia-do-comerciario-em-itabuna\/","title":{"rendered":"Prefeitura antecipa Feriado do  Dia do Comerci\u00e1rio em Itabuna"},"content":{"rendered":"<p><img loading=\"lazy\" class=\"aligncenter  wp-image-95341\" src=\"http:\/\/www.blogdothame.blog.br\/v1\/wp-content\/uploads\/2019\/10\/Comercio-foto-Divulga\u00e7\u00e3o.jpg\" alt=\"Comercio-foto Divulga\u00e7\u00e3o\" width=\"383\" height=\"255\" srcset=\"https:\/\/www.blogdothame.blog.br\/v1\/wp-content\/uploads\/2019\/10\/Comercio-foto-Divulga\u00e7\u00e3o.jpg 640w, https:\/\/www.blogdothame.blog.br\/v1\/wp-content\/uploads\/2019\/10\/Comercio-foto-Divulga\u00e7\u00e3o-300x200.jpg 300w\" sizes=\"(max-width: 383px) 100vw, 383px\" \/><\/p>\n<p>Atrav\u00e9s do Decreto de n\u00ba 13.391, de 29 de agosto de 2019, o prefeito Fernando Gomes antecipou para o dia 21 de outubro (segunda-feira), o Feriado do Dia do Comerci\u00e1rio que \u00e9 comemorado em 30 de outubro.<\/p>\n<p>A mudan\u00e7a, que \u00e9 uma forma de homenagear os comerci\u00e1rios de Itabuna, \u00e9 resultado de um acordo j\u00e1 firmado entre as entidades representativas do com\u00e9rcio local.<\/p>\n","protected":false},"excerpt":{"rendered":"<p>Atrav\u00e9s do Decreto de n\u00ba 13.391, de 29 de agosto de 2019, o prefeito Fernando Gomes antecipou para o dia 21 de outubro (segunda-feira), o Feriado do Dia do Comerci\u00e1rio que \u00e9 comemorado em 30 de outubro. A mudan\u00e7a, que \u00e9 uma forma de homenagear os comerci\u00e1rios de Itabuna, \u00e9 resultado de um acordo j\u00e1 [&hellip;]<\/p>\n","protected":false},"author":2,"featured_media":0,"comment_status":"open","ping_status":"open","sticky":false,"template":"","format":"standard","meta":{"_links_to":"","_links_to_target":""},"categories":[1],"tags":[25607,39],"_links":{"self":[{"href":"https:\/\/www.blogdothame.blog.br\/v1\/wp-json\/wp\/v2\/posts\/95338"}],"collection":[{"href":"https:\/\/www.blogdothame.blog.br\/v1\/wp-json\/wp\/v2\/posts"}],"about":[{"href":"https:\/\/www.blogdothame.blog.br\/v1\/wp-json\/wp\/v2\/types\/post"}],"author":[{"embeddable":true,"href":"https:\/\/www.blogdothame.blog.br\/v1\/wp-json\/wp\/v2\/users\/2"}],"replies":[{"embeddable":true,"href":"https:\/\/www.blogdothame.blog.br\/v1\/wp-json\/wp\/v2\/comments?post=95338"}],"version-history":[{"count":3,"href":"https:\/\/www.blogdothame.blog.br\/v1\/wp-json\/wp\/v2\/posts\/95338\/revisions"}],"predecessor-version":[{"id":95342,"href":"https:\/\/www.blogdothame.blog.br\/v1\/wp-json\/wp\/v2\/posts\/95338\/revisions\/95342"}],"wp:attachment":[{"href":"https:\/\/www.blogdothame.blog.br\/v1\/wp-json\/wp\/v2\/media?parent=95338"}],"wp:term":[{"taxonomy":"category","embeddable":true,"href":"https:\/\/www.blogdothame.blog.br\/v1\/wp-json\/wp\/v2\/categories?post=95338"},{"taxonomy":"post_tag","embeddable":true,"href":"https:\/\/www.blogdothame.blog.br\/v1\/wp-json\/wp\/v2\/tags?post=95338"}],"curies":[{"name":"wp","href":"https:\/\/api.w.org\/{rel}","templated":true}]}}