{"id":95212,"date":"2019-10-04T05:01:33","date_gmt":"2019-10-04T08:01:33","guid":{"rendered":"http:\/\/www.blogdothame.blog.br\/v1\/?p=95212"},"modified":"2019-10-03T16:07:17","modified_gmt":"2019-10-03T19:07:17","slug":"assembleia-legislativa-cria-comissao-especial-de-transporte-complementar-da-bahia","status":"publish","type":"post","link":"https:\/\/www.blogdothame.blog.br\/v1\/2019\/10\/04\/assembleia-legislativa-cria-comissao-especial-de-transporte-complementar-da-bahia\/","title":{"rendered":"Assembleia Legislativa cria Comiss\u00e3o Especial de Transporte Complementar da Bahia"},"content":{"rendered":"<p><img loading=\"lazy\" class=\"alignright size-medium wp-image-95214\" src=\"http:\/\/www.blogdothame.blog.br\/v1\/wp-content\/uploads\/2019\/10\/rob-300x200.jpg\" alt=\"rob\" width=\"300\" height=\"200\" srcset=\"https:\/\/www.blogdothame.blog.br\/v1\/wp-content\/uploads\/2019\/10\/rob-300x200.jpg 300w, https:\/\/www.blogdothame.blog.br\/v1\/wp-content\/uploads\/2019\/10\/rob-1024x682.jpg 1024w, https:\/\/www.blogdothame.blog.br\/v1\/wp-content\/uploads\/2019\/10\/rob.jpg 1280w\" sizes=\"(max-width: 300px) 100vw, 300px\" \/>A Assembleia Legislativa da Bahia aprovou a cria\u00e7\u00e3o da Comiss\u00e3o Especial de Transporte Complementar da Bahia, proposta pelo deputado estadual Robinson Almeida (PT), atendendo \u00e0 demanda da Audi\u00eancia P\u00fablica que discutiu a regulamenta\u00e7\u00e3o do servi\u00e7o no estado e os impactos da Lei Federal 13.855\/19, sancionada pelo presidente Jair Bolsonaro (PSL), que, a partir do dia 8 de outubro, endurece as penalidades para quem fizer transporte n\u00e3o licenciado.<\/p>\n<p>\u201c\u00c9 fundamental que a Assembleia enfrente a demanda da sociedade que \u00e9 atualizar a legisla\u00e7\u00e3o do funcionamento do transporte complementar. A comiss\u00e3o vai atuar junto ao Minist\u00e9rio P\u00fablico, \u00e0 AGERBA, as pol\u00edcias militares e rodovi\u00e1ria federal e estadual para que tenhamos uma legisla\u00e7\u00e3o adequada e afastemos os eventuais desvios de constitucionalidade de que a primeira lei foi objeto de impugna\u00e7\u00e3o\u201d, afirmou Robinson.<\/p>\n<p>No Estado a atividade foi regulamentada em 2009, na gest\u00e3o do governador Jaques Wagner, atrav\u00e9s do decreto N\u00ba 11.832 da Lei 11.378. Entretanto, os efeitos da lei foram suspensos pela justi\u00e7a. Diante disso, com a interveni\u00eancia do Minist\u00e9rio P\u00fablico, foi firmado, em 2015, o Termo de Ajuste de Conduta (TAC), e das 272 linhas previstas pra licita\u00e7\u00e3o, apenas 52 foram concedidas aos permission\u00e1rios nos \u00faltimos quatro anos.<\/p>\n<p><!--more--><\/p>\n<p>\u201cPrecisamos trabalhar com celeridade, os trabalhadores est\u00e3o preocupados com o dia 08 de outubro, dia em que passa a vigorar a Lei Federal 13.855\/19. A Assembleia est\u00e1 trazendo um dos assuntos mais importantes vividos pelos munic\u00edpios, por isso tivemos a presen\u00e7a do presidente da UPB, Eures Ribeiro na audi\u00eancia p\u00fablica, realizada no dia 01 de outubro, pois os prefeitos est\u00e3o preocupados com a sua popula\u00e7\u00e3o, os que precisam do transporte para ir para um m\u00e9dico, estudar, isso reflete na economia da cidade. Se paralisar o transporte complementar na Bahia se criar\u00e1 um caos para a economia baiana\u201d, enfatizou o parlamentar.<\/p>\n","protected":false},"excerpt":{"rendered":"<p>A Assembleia Legislativa da Bahia aprovou a cria\u00e7\u00e3o da Comiss\u00e3o Especial de Transporte Complementar da Bahia, proposta pelo deputado estadual Robinson Almeida (PT), atendendo \u00e0 demanda da Audi\u00eancia P\u00fablica que discutiu a regulamenta\u00e7\u00e3o do servi\u00e7o no estado e os impactos da Lei Federal 13.855\/19, sancionada pelo presidente Jair Bolsonaro (PSL), que, a partir do dia [&hellip;]<\/p>\n","protected":false},"author":2,"featured_media":0,"comment_status":"open","ping_status":"open","sticky":false,"template":"","format":"standard","meta":{"_links_to":"","_links_to_target":""},"categories":[1],"tags":[552,25592,473],"_links":{"self":[{"href":"https:\/\/www.blogdothame.blog.br\/v1\/wp-json\/wp\/v2\/posts\/95212"}],"collection":[{"href":"https:\/\/www.blogdothame.blog.br\/v1\/wp-json\/wp\/v2\/posts"}],"about":[{"href":"https:\/\/www.blogdothame.blog.br\/v1\/wp-json\/wp\/v2\/types\/post"}],"author":[{"embeddable":true,"href":"https:\/\/www.blogdothame.blog.br\/v1\/wp-json\/wp\/v2\/users\/2"}],"replies":[{"embeddable":true,"href":"https:\/\/www.blogdothame.blog.br\/v1\/wp-json\/wp\/v2\/comments?post=95212"}],"version-history":[{"count":2,"href":"https:\/\/www.blogdothame.blog.br\/v1\/wp-json\/wp\/v2\/posts\/95212\/revisions"}],"predecessor-version":[{"id":95215,"href":"https:\/\/www.blogdothame.blog.br\/v1\/wp-json\/wp\/v2\/posts\/95212\/revisions\/95215"}],"wp:attachment":[{"href":"https:\/\/www.blogdothame.blog.br\/v1\/wp-json\/wp\/v2\/media?parent=95212"}],"wp:term":[{"taxonomy":"category","embeddable":true,"href":"https:\/\/www.blogdothame.blog.br\/v1\/wp-json\/wp\/v2\/categories?post=95212"},{"taxonomy":"post_tag","embeddable":true,"href":"https:\/\/www.blogdothame.blog.br\/v1\/wp-json\/wp\/v2\/tags?post=95212"}],"curies":[{"name":"wp","href":"https:\/\/api.w.org\/{rel}","templated":true}]}}