{"id":94657,"date":"2019-09-19T17:45:37","date_gmt":"2019-09-19T20:45:37","guid":{"rendered":"http:\/\/www.blogdothame.blog.br\/v1\/?p=94657"},"modified":"2019-09-19T17:42:48","modified_gmt":"2019-09-19T20:42:48","slug":"94657","status":"publish","type":"post","link":"https:\/\/www.blogdothame.blog.br\/v1\/2019\/09\/19\/94657\/","title":{"rendered":"Rui Costa inaugura Policl\u00ednica Regional de Sa\u00fade em Itabuna"},"content":{"rendered":"<p>&nbsp;<\/p>\n<p><img loading=\"lazy\" class=\"aligncenter  wp-image-94659\" src=\"http:\/\/www.blogdothame.blog.br\/v1\/wp-content\/uploads\/2019\/09\/policlinica-itabuna-1024x629.jpg\" alt=\"policlinica itabuna\" width=\"464\" height=\"285\" srcset=\"https:\/\/www.blogdothame.blog.br\/v1\/wp-content\/uploads\/2019\/09\/policlinica-itabuna-1024x629.jpg 1024w, https:\/\/www.blogdothame.blog.br\/v1\/wp-content\/uploads\/2019\/09\/policlinica-itabuna-300x184.jpg 300w, https:\/\/www.blogdothame.blog.br\/v1\/wp-content\/uploads\/2019\/09\/policlinica-itabuna.jpg 1280w\" sizes=\"(max-width: 464px) 100vw, 464px\" \/><\/p>\n<p>O governador Rui Costa inaugura nesta sexta-feira, dia 20, \u00e0s 9 horas, a Pol\u00edclinica Regional\u00a0 de Itabuna, a 13\u00aa. unidade deste tipo da na Bahia. A policl\u00ednica, que teve um investimento superior a R$ 25 milh\u00f5es, \u00a0entre obras, equipamentos e micro\u00f4nibus que far\u00e3o o transporte dos pacientes, vai atender moradores de 29 munic\u00edpios.<\/p>\n<p>&nbsp;<\/p>\n<p>Ao todo 78 profissionais atuar\u00e3o para dar assist\u00eancia \u00e0 popula\u00e7\u00e3o. S\u00e3o m\u00e9dicos, enfermeiros, psic\u00f3logo, farmac\u00eautico, nutricionista, ouvidor, assessores t\u00e9cnicos, assistente social, t\u00e9cnicos em enfermagem, t\u00e9cnicos em radiologia e assistentes administrativos.<\/p>\n<p>&nbsp;<\/p>\n<p><img loading=\"lazy\" class=\"alignleft  wp-image-94658\" src=\"http:\/\/www.blogdothame.blog.br\/v1\/wp-content\/uploads\/2019\/09\/policlinica-r-itabuna-41-1024x472.jpg\" alt=\"policlinica r itabuna (4)\" width=\"405\" height=\"187\" srcset=\"https:\/\/www.blogdothame.blog.br\/v1\/wp-content\/uploads\/2019\/09\/policlinica-r-itabuna-41-1024x472.jpg 1024w, https:\/\/www.blogdothame.blog.br\/v1\/wp-content\/uploads\/2019\/09\/policlinica-r-itabuna-41-300x138.jpg 300w, https:\/\/www.blogdothame.blog.br\/v1\/wp-content\/uploads\/2019\/09\/policlinica-r-itabuna-41.jpg 1280w\" sizes=\"(max-width: 405px) 100vw, 405px\" \/>Moradores dos munic\u00edpios do cons\u00f3rcio formado por Almadina, Arataca, Aurelino Leal, Barro Preto, Buerarema, Camacan, Canavieiras, Coaraci, Firmino Alves, Floresta Azul, Gongogi, Ibicarai, Ibirapitanga, Ilh\u00e9us, Itabuna, Itacar\u00e9, Itajudo Col\u00f4nia, Itaju\u00edpe, Itap\u00e9, Itapitanga, Itoror\u00f3, Jussari, Mascote, Pau Brasil, Potiragu\u00e1, Santa Cruz da Vit\u00f3ria, Santa Luzia, S\u00e3o Jos\u00e9 da Vit\u00f3ria e Una ter\u00e3o \u00e0 disposi\u00e7\u00e3o consultas m\u00e9dicas em diversas especialidades como angiologia, cardiologia, endocrinologia, gastrenterologia, neurologia, ortopedia, oftalmologia, otorrinolaringologia, ginecologia\/obstetr\u00edcia, mastologia e urologia.<\/p>\n<p>&nbsp;<\/p>\n<p>A policl\u00ednica tamb\u00e9m oferecer\u00e1 diversos exames como resson\u00e2ncia magn\u00e9tica (com e sem contraste), tomografia (com e sem contraste), mamografia, ultrassonografia com doppler, ecocardiografia, ergometria, mapa, holter, eletroencefalograma, raio-X, eletrocardiograma, endoscopia, colonoscopia, nasolaringoscopia, colposcopia, ,histeroscopia, cistoscopia, entre outros, ligados \u00e0s especialidades de oftalmologia.<\/p>\n<p>&nbsp;<\/p>\n<p>A gest\u00e3o da policl\u00ednica ser\u00e1 realizada em parceria entre Governo do Estado e os munic\u00edpios que integram os cons\u00f3rcios. Os munic\u00edpios cobrem 60% dos custos de opera\u00e7\u00e3o, sendo que o valor \u00e9 dividido proporcionalmente ao n\u00famero de habitantes de cada um deles, e o Estado fica respons\u00e1vel pelos 40% restantes.<\/p>\n","protected":false},"excerpt":{"rendered":"<p>&nbsp; O governador Rui Costa inaugura nesta sexta-feira, dia 20, \u00e0s 9 horas, a Pol\u00edclinica Regional\u00a0 de Itabuna, a 13\u00aa. unidade deste tipo da na Bahia. A policl\u00ednica, que teve um investimento superior a R$ 25 milh\u00f5es, \u00a0entre obras, equipamentos e micro\u00f4nibus que far\u00e3o o transporte dos pacientes, vai atender moradores de 29 munic\u00edpios. &nbsp; [&hellip;]<\/p>\n","protected":false},"author":2,"featured_media":0,"comment_status":"open","ping_status":"open","sticky":false,"template":"","format":"standard","meta":{"_links_to":"","_links_to_target":""},"categories":[1],"tags":[5184,39,20084,615],"_links":{"self":[{"href":"https:\/\/www.blogdothame.blog.br\/v1\/wp-json\/wp\/v2\/posts\/94657"}],"collection":[{"href":"https:\/\/www.blogdothame.blog.br\/v1\/wp-json\/wp\/v2\/posts"}],"about":[{"href":"https:\/\/www.blogdothame.blog.br\/v1\/wp-json\/wp\/v2\/types\/post"}],"author":[{"embeddable":true,"href":"https:\/\/www.blogdothame.blog.br\/v1\/wp-json\/wp\/v2\/users\/2"}],"replies":[{"embeddable":true,"href":"https:\/\/www.blogdothame.blog.br\/v1\/wp-json\/wp\/v2\/comments?post=94657"}],"version-history":[{"count":3,"href":"https:\/\/www.blogdothame.blog.br\/v1\/wp-json\/wp\/v2\/posts\/94657\/revisions"}],"predecessor-version":[{"id":94662,"href":"https:\/\/www.blogdothame.blog.br\/v1\/wp-json\/wp\/v2\/posts\/94657\/revisions\/94662"}],"wp:attachment":[{"href":"https:\/\/www.blogdothame.blog.br\/v1\/wp-json\/wp\/v2\/media?parent=94657"}],"wp:term":[{"taxonomy":"category","embeddable":true,"href":"https:\/\/www.blogdothame.blog.br\/v1\/wp-json\/wp\/v2\/categories?post=94657"},{"taxonomy":"post_tag","embeddable":true,"href":"https:\/\/www.blogdothame.blog.br\/v1\/wp-json\/wp\/v2\/tags?post=94657"}],"curies":[{"name":"wp","href":"https:\/\/api.w.org\/{rel}","templated":true}]}}