{"id":94381,"date":"2019-09-11T15:30:58","date_gmt":"2019-09-11T18:30:58","guid":{"rendered":"http:\/\/www.blogdothame.blog.br\/v1\/?p=94381"},"modified":"2019-09-11T15:13:39","modified_gmt":"2019-09-11T18:13:39","slug":"94381","status":"publish","type":"post","link":"https:\/\/www.blogdothame.blog.br\/v1\/2019\/09\/11\/94381\/","title":{"rendered":""},"content":{"rendered":"<p><img loading=\"lazy\" class=\"  wp-image-94382 aligncenter\" src=\"http:\/\/www.blogdothame.blog.br\/v1\/wp-content\/uploads\/2019\/09\/abi.jpg\" alt=\"abi\" width=\"311\" height=\"175\" srcset=\"https:\/\/www.blogdothame.blog.br\/v1\/wp-content\/uploads\/2019\/09\/abi.jpg 890w, https:\/\/www.blogdothame.blog.br\/v1\/wp-content\/uploads\/2019\/09\/abi-300x169.jpg 300w\" sizes=\"(max-width: 311px) 100vw, 311px\" \/><\/p>\n<p style=\"text-align: center;\"><strong>MO\u00c7\u00c3O DE SOLIDARIEDADE<\/strong><\/p>\n<p>&nbsp;<\/p>\n<p>A diretoria da Associa\u00e7\u00e3o Bahiana de Imprensa, reunida na manh\u00e3 de 11 de setembro de 2019, por unanimidade, aprovou a presente mo\u00e7\u00e3o de solidariedade \u00e0 jornalista Lo-Hanna Magnavita, demitida pela TV Cabr\u00e1lia (Rede Record) ap\u00f3s se envolver em conflito com um policial militar \u00e0 paisana e fora de servi\u00e7o.<\/p>\n<p>Lo-Hanna questionou a abordagem agressiva e excessiva do PM a um adolescente que teria furtado dois pacotes de biscoitos de um super-mercado, fato gerador do conflito que se seguiu envolvendo seu marido, rep\u00f3rter cinematogr\u00e1fico da mesma emissora, com trocas de agress\u00f5es f\u00edsicas, tendo, inclusive, o policial sacado sua arma. Iniciativa de autoria desconhecida exp\u00f4s a imagem da jornalista em redes sociais e grupos de aplicativos de trocas de mensagens com a inscri\u00e7\u00e3o \u201cdefensora de bandidos\u201d.<\/p>\n<p>O casal passou a sofrer agress\u00f5es verbais e amea\u00e7as e, por cautela, foi obrigado a restringir sua circula\u00e7\u00e3o pela cidade.<br \/>\nAfastada inicialmente das atividades na emissora a pretexto de preserv\u00e1-la, a profissional foi desligada da empresa em 10 de setembro, sendo a \u00fanica parte punida em raz\u00e3o do ocorrido.<\/p>\n<p>&nbsp;<\/p>\n<p>A ABI se solidariza com a jornalista, ao tempo em que clama pela revis\u00e3o da decis\u00e3o da Rede Record e pela solidariedade dos comunicadores baianos.<\/p>\n<p>Salvador, 11 de setembro de 2019<\/p>\n","protected":false},"excerpt":{"rendered":"<p>MO\u00c7\u00c3O DE SOLIDARIEDADE &nbsp; A diretoria da Associa\u00e7\u00e3o Bahiana de Imprensa, reunida na manh\u00e3 de 11 de setembro de 2019, por unanimidade, aprovou a presente mo\u00e7\u00e3o de solidariedade \u00e0 jornalista Lo-Hanna Magnavita, demitida pela TV Cabr\u00e1lia (Rede Record) ap\u00f3s se envolver em conflito com um policial militar \u00e0 paisana e fora de servi\u00e7o. Lo-Hanna questionou [&hellip;]<\/p>\n","protected":false},"author":2,"featured_media":0,"comment_status":"open","ping_status":"open","sticky":false,"template":"","format":"standard","meta":{"_links_to":"","_links_to_target":""},"categories":[1],"tags":[4151,25390,25391],"_links":{"self":[{"href":"https:\/\/www.blogdothame.blog.br\/v1\/wp-json\/wp\/v2\/posts\/94381"}],"collection":[{"href":"https:\/\/www.blogdothame.blog.br\/v1\/wp-json\/wp\/v2\/posts"}],"about":[{"href":"https:\/\/www.blogdothame.blog.br\/v1\/wp-json\/wp\/v2\/types\/post"}],"author":[{"embeddable":true,"href":"https:\/\/www.blogdothame.blog.br\/v1\/wp-json\/wp\/v2\/users\/2"}],"replies":[{"embeddable":true,"href":"https:\/\/www.blogdothame.blog.br\/v1\/wp-json\/wp\/v2\/comments?post=94381"}],"version-history":[{"count":2,"href":"https:\/\/www.blogdothame.blog.br\/v1\/wp-json\/wp\/v2\/posts\/94381\/revisions"}],"predecessor-version":[{"id":94384,"href":"https:\/\/www.blogdothame.blog.br\/v1\/wp-json\/wp\/v2\/posts\/94381\/revisions\/94384"}],"wp:attachment":[{"href":"https:\/\/www.blogdothame.blog.br\/v1\/wp-json\/wp\/v2\/media?parent=94381"}],"wp:term":[{"taxonomy":"category","embeddable":true,"href":"https:\/\/www.blogdothame.blog.br\/v1\/wp-json\/wp\/v2\/categories?post=94381"},{"taxonomy":"post_tag","embeddable":true,"href":"https:\/\/www.blogdothame.blog.br\/v1\/wp-json\/wp\/v2\/tags?post=94381"}],"curies":[{"name":"wp","href":"https:\/\/api.w.org\/{rel}","templated":true}]}}