{"id":94144,"date":"2019-09-05T10:01:59","date_gmt":"2019-09-05T13:01:59","guid":{"rendered":"http:\/\/www.blogdothame.blog.br\/v1\/?p=94144"},"modified":"2019-09-05T09:22:09","modified_gmt":"2019-09-05T12:22:09","slug":"oficina-debate-estrategia-para-ampliacao-de-mercado-da-agricultura-familiar-baiana","status":"publish","type":"post","link":"https:\/\/www.blogdothame.blog.br\/v1\/2019\/09\/05\/oficina-debate-estrategia-para-ampliacao-de-mercado-da-agricultura-familiar-baiana\/","title":{"rendered":"Oficina debate estrat\u00e9gia para amplia\u00e7\u00e3o de mercado  da agricultura familiar baiana"},"content":{"rendered":"<p><img loading=\"lazy\" class=\"aligncenter  wp-image-94148\" src=\"http:\/\/www.blogdothame.blog.br\/v1\/wp-content\/uploads\/2019\/09\/bprod-1-1024x682.jpg\" alt=\"bprod (1)\" width=\"382\" height=\"254\" srcset=\"https:\/\/www.blogdothame.blog.br\/v1\/wp-content\/uploads\/2019\/09\/bprod-1-1024x682.jpg 1024w, https:\/\/www.blogdothame.blog.br\/v1\/wp-content\/uploads\/2019\/09\/bprod-1-300x200.jpg 300w, https:\/\/www.blogdothame.blog.br\/v1\/wp-content\/uploads\/2019\/09\/bprod-1.jpg 1280w\" sizes=\"(max-width: 382px) 100vw, 382px\" \/><\/p>\n<p>Alavancar a comercializa\u00e7\u00e3o dos produtos da agricultura familiar, no atacado ou varejo, para que cheguem \u00e0s prateleiras das delicatessens, minimercados, restaurantes, rede hoteleira e de supermercados, armaz\u00e9ns e outros pontos. Esse foi um dos assuntos em destaque da Oficina Alian\u00e7as Produtivas, realizada nesta quarta-feira (04), em Salvador. O evento reuniu dirigentes de organiza\u00e7\u00f5es da agricultura familiar baiana, para debater estrat\u00e9gias conjuntas de acesso a mercado na Regi\u00e3o Metropolitana e grandes centros.<\/p>\n<p><img loading=\"lazy\" class=\"alignright size-medium wp-image-94146\" src=\"http:\/\/www.blogdothame.blog.br\/v1\/wp-content\/uploads\/2019\/09\/bprod-2-300x200.jpg\" alt=\"bprod (2)\" width=\"300\" height=\"200\" srcset=\"https:\/\/www.blogdothame.blog.br\/v1\/wp-content\/uploads\/2019\/09\/bprod-2-300x200.jpg 300w, https:\/\/www.blogdothame.blog.br\/v1\/wp-content\/uploads\/2019\/09\/bprod-2-1024x682.jpg 1024w, https:\/\/www.blogdothame.blog.br\/v1\/wp-content\/uploads\/2019\/09\/bprod-2.jpg 1280w\" sizes=\"(max-width: 300px) 100vw, 300px\" \/>A oficina foi promovida pelo Bahia Produtiva, projeto executado Companhia de Desenvolvimento e A\u00e7\u00e3o regional (CAR), empresa p\u00fablica vinculada \u00e0 Secretaria de Desenvolvimento Rural (SDR). Durante dois dias, representantes de 50 cooperativas, participaram de palestras, debates e forma\u00e7\u00f5es estrat\u00e9gicas, para trabalhar em rede e conseguir de maneira conjunta, oportunidades de neg\u00f3cios.<\/p>\n<p>Wilson Dias, diretor-presidente da CAR\/SDR, avaliou que o encontro foi proveitoso: &#8220;Com os encaminhamentos pactuados ser\u00e1 poss\u00edvel aperfei\u00e7oar o apoio do Governo do Estado para dar continuidade ao trabalho dessas cooperativas, para que elas alcancem os resultados previstos, que s\u00e3o melhorar sua base de produ\u00e7\u00e3o, a comercializa\u00e7\u00e3o e a renda dos agricultores\u201d. Ele ainda lembrou que \u201cfoi tra\u00e7ado um conjunto de a\u00e7\u00f5es que ir\u00e3o possibilitar a entrada dos produtos da agricultura familiar a partir do Centro de Distribui\u00e7\u00e3o e Comercializa\u00e7\u00e3o para Salvador e Regi\u00e3o Metropolitana\u201d.<\/p>\n<p><!--more--><\/p>\n<p>Vital de Carvalho, consultor da CAR, enfatizou a import\u00e2ncia em trazer a for\u00e7a produtiva do campo para capital e regi\u00f5es circunvizinhas: \u201c70% do PIB da Bahia est\u00e1 concentrado em Salvador, e nos munic\u00edpios do entorno; aqui est\u00e3o os grandes supermercados. O desafio \u00e9 as cooperativas assumirem esse protagonismo, organizar os produtos, e, na hora que algu\u00e9m precisar, disponibilizar do jeito que o consumidor quer\u201d.<\/p>\n<p>Avalia\u00e7\u00e3o<\/p>\n<p>Juscelino Macedo, presidente da Cooperativa de Produtores Rurais do munic\u00edpio de Presidente Tancredo Neves (Coopatan), salientou que o fortalecimento do com\u00e9rcio das cooperativas \u00e9 uma oportunidade de construir uma autonomia, para que as entidades tenham uma sustentabilidade financeira, para al\u00e9m dos subs\u00eddios que adv\u00eam das pol\u00edticas p\u00fablicas, via edital.<\/p>\n<p>\u201cO curso foi muito bom e eu acredito que a SDR, junto com a CAR, est\u00e1 no caminho certo, dando esse incentivo para as cooperativas se especializarem, para se tornarem cada vez menos dependente do Estado. Foi muito produtivo o encontro, pois s\u00f3 trabalhando em conjunto ser\u00e1 poss\u00edvel a gente ter mais competitividade com outras empresas\u201d, observou Macedo.<\/p>\n<p>De acordo com Carine Assun\u00e7\u00e3o, presidente da Cooperativa de Servi\u00e7os Sustent\u00e1veis da Bahia (Coopessba), \u201cesse evento foi importante para mostrar a n\u00f3s dirigentes das cooperativas que temos que ser empreendedores e n\u00e3o apenas produtores, trabalhar de forma organizada, documentar tudo certinho, para que venha agregar valor \u00e0 cooperativa e \u00e0 produ\u00e7\u00e3o num todo\u201d.<\/p>\n<p>Encaminhamentos<\/p>\n<p>Fernando Cabral, coordenador do Bahia Produtiva, destacou que \u201cagora \u00e9 implementar os encaminhamentos e colocar em pr\u00e1tica o que foi visto nesses dias de capacita\u00e7\u00e3o. Pelo edital Alian\u00e7as Produtivas voc\u00eas [cooperativas] est\u00e3o tendo profissionais na \u00e1rea de gest\u00e3o, produ\u00e7\u00e3o, plano de neg\u00f3cio e outros, para qualificar a comercializa\u00e7\u00e3o dos produtos\u201d.<\/p>\n<p>Entre os encaminhamentos finais ficaram pactuados entre a CAR\/SDR e as cooperativas alguns pontos, sendo eles: O estabelecimento de uma rotina de planejamento e avalia\u00e7\u00e3o das a\u00e7\u00f5es da equipe t\u00e9cnica e dos resultados alcan\u00e7ados a cada per\u00edodo na entidade; institui\u00e7\u00e3o de um comit\u00ea gestor das alian\u00e7as produtivas, envolvendo cooperativas e empresas; implementa\u00e7\u00e3o de solu\u00e7\u00f5es digitais que dinamizem a gest\u00e3o e outras a\u00e7\u00f5es t\u00e9cnicas que ir\u00e3o viabilizar de maneira concreta a execu\u00e7\u00e3o do plano de neg\u00f3cios, para garantir \u00eaxito desde a base de produ\u00e7\u00e3o at\u00e9 o consumidor final.<\/p>\n","protected":false},"excerpt":{"rendered":"<p>Alavancar a comercializa\u00e7\u00e3o dos produtos da agricultura familiar, no atacado ou varejo, para que cheguem \u00e0s prateleiras das delicatessens, minimercados, restaurantes, rede hoteleira e de supermercados, armaz\u00e9ns e outros pontos. Esse foi um dos assuntos em destaque da Oficina Alian\u00e7as Produtivas, realizada nesta quarta-feira (04), em Salvador. O evento reuniu dirigentes de organiza\u00e7\u00f5es da agricultura [&hellip;]<\/p>\n","protected":false},"author":2,"featured_media":0,"comment_status":"open","ping_status":"open","sticky":false,"template":"","format":"standard","meta":{"_links_to":"","_links_to_target":""},"categories":[1],"tags":[311,11563,25320,12999],"_links":{"self":[{"href":"https:\/\/www.blogdothame.blog.br\/v1\/wp-json\/wp\/v2\/posts\/94144"}],"collection":[{"href":"https:\/\/www.blogdothame.blog.br\/v1\/wp-json\/wp\/v2\/posts"}],"about":[{"href":"https:\/\/www.blogdothame.blog.br\/v1\/wp-json\/wp\/v2\/types\/post"}],"author":[{"embeddable":true,"href":"https:\/\/www.blogdothame.blog.br\/v1\/wp-json\/wp\/v2\/users\/2"}],"replies":[{"embeddable":true,"href":"https:\/\/www.blogdothame.blog.br\/v1\/wp-json\/wp\/v2\/comments?post=94144"}],"version-history":[{"count":3,"href":"https:\/\/www.blogdothame.blog.br\/v1\/wp-json\/wp\/v2\/posts\/94144\/revisions"}],"predecessor-version":[{"id":94149,"href":"https:\/\/www.blogdothame.blog.br\/v1\/wp-json\/wp\/v2\/posts\/94144\/revisions\/94149"}],"wp:attachment":[{"href":"https:\/\/www.blogdothame.blog.br\/v1\/wp-json\/wp\/v2\/media?parent=94144"}],"wp:term":[{"taxonomy":"category","embeddable":true,"href":"https:\/\/www.blogdothame.blog.br\/v1\/wp-json\/wp\/v2\/categories?post=94144"},{"taxonomy":"post_tag","embeddable":true,"href":"https:\/\/www.blogdothame.blog.br\/v1\/wp-json\/wp\/v2\/tags?post=94144"}],"curies":[{"name":"wp","href":"https:\/\/api.w.org\/{rel}","templated":true}]}}