{"id":92914,"date":"2019-07-30T09:24:48","date_gmt":"2019-07-30T12:24:48","guid":{"rendered":"http:\/\/www.blogdothame.blog.br\/v1\/?p=92914"},"modified":"2019-07-30T08:27:54","modified_gmt":"2019-07-30T11:27:54","slug":"conjunto-penal-de-itabuna-certifica-33-internos-em-cursos-profissionalizantes","status":"publish","type":"post","link":"https:\/\/www.blogdothame.blog.br\/v1\/2019\/07\/30\/conjunto-penal-de-itabuna-certifica-33-internos-em-cursos-profissionalizantes\/","title":{"rendered":"Conjunto Penal de Itabuna certifica 33 internos em cursos profissionalizantes"},"content":{"rendered":"<p><img loading=\"lazy\" class=\"aligncenter  wp-image-92917\" src=\"http:\/\/www.blogdothame.blog.br\/v1\/wp-content\/uploads\/2019\/07\/cp-prof-3-1024x576.jpeg\" alt=\"cp prof 3\" width=\"510\" height=\"287\" srcset=\"https:\/\/www.blogdothame.blog.br\/v1\/wp-content\/uploads\/2019\/07\/cp-prof-3-1024x576.jpeg 1024w, https:\/\/www.blogdothame.blog.br\/v1\/wp-content\/uploads\/2019\/07\/cp-prof-3-300x169.jpeg 300w, https:\/\/www.blogdothame.blog.br\/v1\/wp-content\/uploads\/2019\/07\/cp-prof-3.jpeg 1032w\" sizes=\"(max-width: 510px) 100vw, 510px\" \/><\/p>\n<p>Um dia diferente na vida de 33 reeducandos custodiados no Conjunto Penal de Itabuna (CPI), que participaram da cerim\u00f4nia de certifica\u00e7\u00e3o nos cursos de bordado manual, bordado eletr\u00f4nico, biscuit, cabeleireira, escovista, serigrafia e sand\u00e1lias. O evento foi realizado na tarde dessa segunda-feira (29), na sala de audi\u00eancias do CPI, onde foram conferidos certificados a todos que cumpriram a carga hor\u00e1ria e se fizeram presentes &#8211; alguns j\u00e1 est\u00e3o em liberdade e receber\u00e3o o documento em suas casas.<\/p>\n<p><img loading=\"lazy\" class=\"alignright size-medium wp-image-92915\" src=\"http:\/\/www.blogdothame.blog.br\/v1\/wp-content\/uploads\/2019\/07\/cp-prof-1-300x169.jpeg\" alt=\"cp prof 1\" width=\"300\" height=\"169\" srcset=\"https:\/\/www.blogdothame.blog.br\/v1\/wp-content\/uploads\/2019\/07\/cp-prof-1-300x169.jpeg 300w, https:\/\/www.blogdothame.blog.br\/v1\/wp-content\/uploads\/2019\/07\/cp-prof-1-1024x576.jpeg 1024w, https:\/\/www.blogdothame.blog.br\/v1\/wp-content\/uploads\/2019\/07\/cp-prof-1.jpeg 1032w\" sizes=\"(max-width: 300px) 100vw, 300px\" \/>O diretor do CPI, major PM Adriano Val\u00e9rio J\u00e1come da Silva, comandou a cerim\u00f4nia e destacou a import\u00e2ncia desse momento para cada um dos reeducandos. \u201c\u00c9 um momento de recome\u00e7o. Os senhores e senhoras est\u00e3o conquistando algo que \u00e9 para sempre, o conhecimento\u201d. Ele destacou a dedica\u00e7\u00e3o dos instrutores. \u201cTenho certeza que todos fazem por amor\u201d, observou.<\/p>\n<p>\u201cPara n\u00f3s, esse momento representa uma oportunidade escolhermos um caminho diferente, uma porta diferente, para nossas vidas. J\u00e1 conhecemos a porta larga, que acabou por nos trazer at\u00e9 essa situa\u00e7\u00e3o. Vamos escolher a porta estreita, que pode n\u00e3o nos dar carr\u00f5es ou luxos, mas nos permitir\u00e1 andar de cabe\u00e7a erguida, sendo \u00fateis \u00e0 sociedade\u201d, discursou uma das reeducandas certificadas.<\/p>\n<p><!--more--><\/p>\n<p><img loading=\"lazy\" class=\"alignleft size-medium wp-image-92916\" src=\"http:\/\/www.blogdothame.blog.br\/v1\/wp-content\/uploads\/2019\/07\/cp-prof-2-300x169.jpeg\" alt=\"cp prof 2\" width=\"300\" height=\"169\" srcset=\"https:\/\/www.blogdothame.blog.br\/v1\/wp-content\/uploads\/2019\/07\/cp-prof-2-300x169.jpeg 300w, https:\/\/www.blogdothame.blog.br\/v1\/wp-content\/uploads\/2019\/07\/cp-prof-2-1024x576.jpeg 1024w, https:\/\/www.blogdothame.blog.br\/v1\/wp-content\/uploads\/2019\/07\/cp-prof-2.jpeg 1032w\" sizes=\"(max-width: 300px) 100vw, 300px\" \/>Alguns dos concluintes n\u00e3o receberam o certificado por j\u00e1 terem ganhado a liberdade antes da cerim\u00f4nia. A esses o documento ser\u00e1 encaminhado. Os cursos s\u00e3o ministrados e supervisionados por instrutores e equipe multidisciplinar da empresa Socializa, que operacionaliza a unidade prisional, em regime de cogest\u00e3o com o governo do estado.<\/p>\n<p>Participaram da cerim\u00f4nia, al\u00e9m do diretor Adriano J\u00e1come, o diretor-adjunto Bernardo Cerqueira Dutra, o coordenador de seguran\u00e7a, F\u00e1bio Vivas, bem como representantes da empresa Socializa &#8211; ger\u00eancia, corpo t\u00e9cnico e seguran\u00e7a.<\/p>\n<p>&nbsp;<\/p>\n","protected":false},"excerpt":{"rendered":"<p>Um dia diferente na vida de 33 reeducandos custodiados no Conjunto Penal de Itabuna (CPI), que participaram da cerim\u00f4nia de certifica\u00e7\u00e3o nos cursos de bordado manual, bordado eletr\u00f4nico, biscuit, cabeleireira, escovista, serigrafia e sand\u00e1lias. O evento foi realizado na tarde dessa segunda-feira (29), na sala de audi\u00eancias do CPI, onde foram conferidos certificados a todos [&hellip;]<\/p>\n","protected":false},"author":2,"featured_media":0,"comment_status":"open","ping_status":"open","sticky":false,"template":"","format":"standard","meta":{"_links_to":"","_links_to_target":""},"categories":[1],"tags":[7107,19784],"_links":{"self":[{"href":"https:\/\/www.blogdothame.blog.br\/v1\/wp-json\/wp\/v2\/posts\/92914"}],"collection":[{"href":"https:\/\/www.blogdothame.blog.br\/v1\/wp-json\/wp\/v2\/posts"}],"about":[{"href":"https:\/\/www.blogdothame.blog.br\/v1\/wp-json\/wp\/v2\/types\/post"}],"author":[{"embeddable":true,"href":"https:\/\/www.blogdothame.blog.br\/v1\/wp-json\/wp\/v2\/users\/2"}],"replies":[{"embeddable":true,"href":"https:\/\/www.blogdothame.blog.br\/v1\/wp-json\/wp\/v2\/comments?post=92914"}],"version-history":[{"count":1,"href":"https:\/\/www.blogdothame.blog.br\/v1\/wp-json\/wp\/v2\/posts\/92914\/revisions"}],"predecessor-version":[{"id":92918,"href":"https:\/\/www.blogdothame.blog.br\/v1\/wp-json\/wp\/v2\/posts\/92914\/revisions\/92918"}],"wp:attachment":[{"href":"https:\/\/www.blogdothame.blog.br\/v1\/wp-json\/wp\/v2\/media?parent=92914"}],"wp:term":[{"taxonomy":"category","embeddable":true,"href":"https:\/\/www.blogdothame.blog.br\/v1\/wp-json\/wp\/v2\/categories?post=92914"},{"taxonomy":"post_tag","embeddable":true,"href":"https:\/\/www.blogdothame.blog.br\/v1\/wp-json\/wp\/v2\/tags?post=92914"}],"curies":[{"name":"wp","href":"https:\/\/api.w.org\/{rel}","templated":true}]}}