{"id":92885,"date":"2019-07-29T16:40:37","date_gmt":"2019-07-29T19:40:37","guid":{"rendered":"http:\/\/www.blogdothame.blog.br\/v1\/?p=92885"},"modified":"2019-07-29T16:15:13","modified_gmt":"2019-07-29T19:15:13","slug":"consorcio-do-nordeste-governadores-aprovam-criacao-de-central-unica-de-compras","status":"publish","type":"post","link":"https:\/\/www.blogdothame.blog.br\/v1\/2019\/07\/29\/consorcio-do-nordeste-governadores-aprovam-criacao-de-central-unica-de-compras\/","title":{"rendered":"Cons\u00f3rcio do Nordeste: governadores aprovam cria\u00e7\u00e3o de central \u00fanica de compras"},"content":{"rendered":"<p><img loading=\"lazy\" class=\"aligncenter  wp-image-92888\" src=\"http:\/\/www.blogdothame.blog.br\/v1\/wp-content\/uploads\/2019\/07\/Foto-Fernando-Vivas_GOVBA-1-1024x682.jpeg\" alt=\"Foto Fernando Vivas_GOVBA (1)\" width=\"473\" height=\"315\" srcset=\"https:\/\/www.blogdothame.blog.br\/v1\/wp-content\/uploads\/2019\/07\/Foto-Fernando-Vivas_GOVBA-1-1024x682.jpeg 1024w, https:\/\/www.blogdothame.blog.br\/v1\/wp-content\/uploads\/2019\/07\/Foto-Fernando-Vivas_GOVBA-1-300x200.jpeg 300w, https:\/\/www.blogdothame.blog.br\/v1\/wp-content\/uploads\/2019\/07\/Foto-Fernando-Vivas_GOVBA-1.jpeg 1280w\" sizes=\"(max-width: 473px) 100vw, 473px\" \/><\/p>\n<p>Os gestores do Poder Executivo dos nove estados da regi\u00e3o Nordeste se reuniram na capital baiana nesta segunda-feira (29), quando formalizaram uma s\u00e9rie de atos e iniciativas que ser\u00e3o realizadas pelo Cons\u00f3rcio Nordeste. Participaram da reuni\u00e3o sete governadores e dois vice-governadores que representaram os estados de Alagoas e Cear\u00e1.<\/p>\n<p><img loading=\"lazy\" class=\"alignleft  wp-image-92886\" src=\"http:\/\/www.blogdothame.blog.br\/v1\/wp-content\/uploads\/2019\/07\/Foto-Camila-Souza__GOVBA-1024x682.jpeg\" alt=\"Foto Camila Souza__GOVBA\" width=\"393\" height=\"262\" srcset=\"https:\/\/www.blogdothame.blog.br\/v1\/wp-content\/uploads\/2019\/07\/Foto-Camila-Souza__GOVBA-1024x682.jpeg 1024w, https:\/\/www.blogdothame.blog.br\/v1\/wp-content\/uploads\/2019\/07\/Foto-Camila-Souza__GOVBA-300x200.jpeg 300w, https:\/\/www.blogdothame.blog.br\/v1\/wp-content\/uploads\/2019\/07\/Foto-Camila-Souza__GOVBA.jpeg 1280w\" sizes=\"(max-width: 393px) 100vw, 393px\" \/>A reuni\u00e3o de trabalho, que aconteceu no Centro de Opera\u00e7\u00f5es e Intelig\u00eancia, no Centro Administrativo da Bahia, entre as 9h e 13h30, marca a constitui\u00e7\u00e3o formal do cons\u00f3rcio. O ponto principal deste primeiro encontro foi o incremento de oferta de servi\u00e7os de sa\u00fade.<\/p>\n<p>Presidente do cons\u00f3rcio, o governador Rui Costa destacou que, durante o encontro, foi aprovada a cria\u00e7\u00e3o de uma central \u00fanica de compras, inicialmente nas \u00e1reas da sa\u00fade, educa\u00e7\u00e3o e seguran\u00e7a p\u00fablica, ajudando a reduzir despesas. \u201cCom a central, que j\u00e1 dever\u00e1 come\u00e7ar em agosto, os nove estados nordestinos, que somam 55 milh\u00f5es de habitantes, poder\u00e3o fazer compras conjuntas, aumenta a concorr\u00eancia dos fornecedores, o que ajudar\u00e1 a reduzir custos e ampliar os recursos de cada estado\u201d, declarou.<\/p>\n<p>Ainda de acordo com Rui Costa, tamb\u00e9m foi debatida na reuni\u00e3o uma proposta para aumentar e refor\u00e7ar a oferta de m\u00e9dicos, especialmente nas \u00e1reas mais long\u00ednquas dos estados do Nordeste. \u201cEsta medida foi apresentada e aprovada pelo grupo, mas, como esta semana o Governo Federal anunciou que iria fazer um evento para lan\u00e7ar um programa chamado M\u00e9dicos pelo Brasil, apesar de n\u00e3o ter sido detalhado, resolvemos, antecipadamente, declara apoio ao Minist\u00e9rio da Sa\u00fade, e nos colocar \u00e0 disposi\u00e7\u00e3o para contribuir com o projeto, inclusive conhecendo os detalhes previamente e incluindo os secret\u00e1rios estaduais de sa\u00fade no processo de ajustes para aperfei\u00e7oamento do programa\u201d, explicou o governador da Bahia.<\/p>\n<p>Outro item discutido nesta segunda-feira envolve a \u00e1rea de Seguran\u00e7a P\u00fablica, tendo como pleito a urgente libera\u00e7\u00e3o, pela Uni\u00e3o, de recursos do Fundo Nacional de Seguran\u00e7a P\u00fablica. \u201cOs recursos somam a algo equivalente a R$ 1,1 bilh\u00e3o. N\u00e3o somente o Nordeste, mas todos os estados do Brasil clamam por mais recursos na seguran\u00e7a p\u00fablica, portanto, esse dinheiro n\u00e3o pode ficar l\u00e1 parado, sem uso. Refor\u00e7amos e documentamos a real necessidade desses recursos serem imediatamente repassados para os Estados\u201d.<\/p>\n<p><!--more--><\/p>\n<p>Outras a\u00e7\u00f5es<\/p>\n<p><img loading=\"lazy\" class=\"alignright  wp-image-92887\" src=\"http:\/\/www.blogdothame.blog.br\/v1\/wp-content\/uploads\/2019\/07\/Foto-Camila-Souza_GOVBA-1024x682.jpeg\" alt=\"Foto Camila Souza_GOVBA\" width=\"343\" height=\"228\" srcset=\"https:\/\/www.blogdothame.blog.br\/v1\/wp-content\/uploads\/2019\/07\/Foto-Camila-Souza_GOVBA-1024x682.jpeg 1024w, https:\/\/www.blogdothame.blog.br\/v1\/wp-content\/uploads\/2019\/07\/Foto-Camila-Souza_GOVBA-300x200.jpeg 300w, https:\/\/www.blogdothame.blog.br\/v1\/wp-content\/uploads\/2019\/07\/Foto-Camila-Souza_GOVBA.jpeg 1280w\" sizes=\"(max-width: 343px) 100vw, 343px\" \/>Dentro do plano de a\u00e7\u00e3o apresentado pelos nove representantes dos estados do Nordeste, foram discutidos diversos itens que ser\u00e3o desdobrados posteriormente. \u201cEntre esses itens est\u00e1 o Nordeste Conectado, que \u00e9 uma ideia de integrar conectividade, internet banda larga, servi\u00e7os tecnol\u00f3gicos mais sofisticados e compartilhamento de dados. Esse projeto ser\u00e1 detalhado e apresentado de forma mais concreta nos encontros posteriores\u201d, revelou Rui.<\/p>\n<p>Tamb\u00e9m ficou para ser apresentado no pr\u00f3ximo encontro de governadores do Nordeste, que ocorrer\u00e1 em Teresina (PI), o Fundo de Investimento \u00danico para o Nordeste. Segundo o governador Rui Costa, o fundo ser\u00e1 anunciado com uma posi\u00e7\u00e3o final, ap\u00f3s serem realizados os \u00faltimos estudos.<\/p>\n<p>Ao final da reuni\u00e3o, os governadores divulgaram uma carta, escrita conjuntamente pelos gestores, com o Plano de Trabalho apontando as primeiras a\u00e7\u00f5es do grupo. Assinaram o documento os governadores Rui Costa (BA), Flavio Dino (MA), Jo\u00e3o Azevedo (PB), Paulo C\u00e2mara (PE), Wellington Dias (PI), F\u00e1tima Bezerra (RN), e Belivaldo Chagas (SE); e os vice-governadores Luciano Barbosa (AL) e Izolda Cela (CE), representando Renan Filho e Camilo Santana, respectivamente.<\/p>\n","protected":false},"excerpt":{"rendered":"<p>Os gestores do Poder Executivo dos nove estados da regi\u00e3o Nordeste se reuniram na capital baiana nesta segunda-feira (29), quando formalizaram uma s\u00e9rie de atos e iniciativas que ser\u00e3o realizadas pelo Cons\u00f3rcio Nordeste. Participaram da reuni\u00e3o sete governadores e dois vice-governadores que representaram os estados de Alagoas e Cear\u00e1. A reuni\u00e3o de trabalho, que aconteceu [&hellip;]<\/p>\n","protected":false},"author":2,"featured_media":0,"comment_status":"open","ping_status":"open","sticky":false,"template":"","format":"standard","meta":{"_links_to":"","_links_to_target":""},"categories":[1],"tags":[25035,23858,25036,615],"_links":{"self":[{"href":"https:\/\/www.blogdothame.blog.br\/v1\/wp-json\/wp\/v2\/posts\/92885"}],"collection":[{"href":"https:\/\/www.blogdothame.blog.br\/v1\/wp-json\/wp\/v2\/posts"}],"about":[{"href":"https:\/\/www.blogdothame.blog.br\/v1\/wp-json\/wp\/v2\/types\/post"}],"author":[{"embeddable":true,"href":"https:\/\/www.blogdothame.blog.br\/v1\/wp-json\/wp\/v2\/users\/2"}],"replies":[{"embeddable":true,"href":"https:\/\/www.blogdothame.blog.br\/v1\/wp-json\/wp\/v2\/comments?post=92885"}],"version-history":[{"count":1,"href":"https:\/\/www.blogdothame.blog.br\/v1\/wp-json\/wp\/v2\/posts\/92885\/revisions"}],"predecessor-version":[{"id":92889,"href":"https:\/\/www.blogdothame.blog.br\/v1\/wp-json\/wp\/v2\/posts\/92885\/revisions\/92889"}],"wp:attachment":[{"href":"https:\/\/www.blogdothame.blog.br\/v1\/wp-json\/wp\/v2\/media?parent=92885"}],"wp:term":[{"taxonomy":"category","embeddable":true,"href":"https:\/\/www.blogdothame.blog.br\/v1\/wp-json\/wp\/v2\/categories?post=92885"},{"taxonomy":"post_tag","embeddable":true,"href":"https:\/\/www.blogdothame.blog.br\/v1\/wp-json\/wp\/v2\/tags?post=92885"}],"curies":[{"name":"wp","href":"https:\/\/api.w.org\/{rel}","templated":true}]}}