{"id":92839,"date":"2019-07-28T09:34:04","date_gmt":"2019-07-28T12:34:04","guid":{"rendered":"http:\/\/www.blogdothame.blog.br\/v1\/?p=92839"},"modified":"2019-07-28T09:34:04","modified_gmt":"2019-07-28T12:34:04","slug":"rui-inaugura-unidade-de-saude-e-entrega-ambulancias-no-sul-da-bahia","status":"publish","type":"post","link":"https:\/\/www.blogdothame.blog.br\/v1\/2019\/07\/28\/rui-inaugura-unidade-de-saude-e-entrega-ambulancias-no-sul-da-bahia\/","title":{"rendered":"Rui inaugura unidade de sa\u00fade e entrega  ambul\u00e2ncias no Sul da Bahia"},"content":{"rendered":"<p style=\"text-align: center;\">GOVERNADOR TAMB\u00c9M ANUNCIA RECUPERA\u00c7\u00c3O DO SEMIANEL RODOVI\u00c1RIO<\/p>\n<p style=\"text-align: center;\">\n<p style=\"text-align: center;\"><img loading=\"lazy\" class=\"aligncenter size-medium wp-image-92840\" src=\"http:\/\/www.blogdothame.blog.br\/v1\/wp-content\/uploads\/2019\/07\/bulan\u00e7a-2-300x200.jpg\" alt=\"bulan\u00e7a 2\" width=\"300\" height=\"200\" srcset=\"https:\/\/www.blogdothame.blog.br\/v1\/wp-content\/uploads\/2019\/07\/bulan\u00e7a-2-300x200.jpg 300w, https:\/\/www.blogdothame.blog.br\/v1\/wp-content\/uploads\/2019\/07\/bulan\u00e7a-2.jpg 512w\" sizes=\"(max-width: 300px) 100vw, 300px\" \/><\/p>\n<p>Oito munic\u00edpios do sul da Bahia receberam nove ambul\u00e2ncias do Governo do Estado. A entrega foi feita pelo governador Rui Costa, neste s\u00e1bado (27), aos prefeitos de Itabuna, Ilh\u00e9us, Belmonte, Buerarema, Itapebi, Uru\u00e7uca, Nova Vi\u00e7osa e Itap\u00e9. Em Itabuna tamb\u00e9m foi entregue uma Unidade de Sa\u00fade da Fam\u00edlia.\u00a0O Governador Rui Costa destacou a import\u00e2ncia dos postos de sa\u00fade como parte preventiva. &#8220;Com essa inaugura\u00e7\u00e3o, Itabuna chega a 44 postos. A melhor pol\u00edtica p\u00fablica de sa\u00fade \u00e9 preventiva, porque quando se descobre uma doen\u00e7a cedo fica muito mais f\u00e1cil da gente resolver, com um custo muito menor para a pessoa e para a sociedade&#8221;.<\/p>\n<p><img loading=\"lazy\" class=\"alignright size-medium wp-image-92842\" src=\"http:\/\/www.blogdothame.blog.br\/v1\/wp-content\/uploads\/2019\/07\/bulan\u00e7a-3-300x200.jpeg\" alt=\"bulan\u00e7a 3\" width=\"300\" height=\"200\" srcset=\"https:\/\/www.blogdothame.blog.br\/v1\/wp-content\/uploads\/2019\/07\/bulan\u00e7a-3-300x200.jpeg 300w, https:\/\/www.blogdothame.blog.br\/v1\/wp-content\/uploads\/2019\/07\/bulan\u00e7a-3.jpeg 512w\" sizes=\"(max-width: 300px) 100vw, 300px\" \/>\u00a0O prefeito de Belmonte, Janival Borges, falou sobre a import\u00e2ncia da ambul\u00e2ncia. &#8220;N\u00f3s somos um munic\u00edpio com 2000 km quadrados e temos distritos a mais de 200 km da sede. Isso cria uma dificuldade muito grande de atender a demanda da popula\u00e7\u00e3o. Ent\u00e3o uma ambul\u00e2ncia desse porte ter\u00e1 uma representa\u00e7\u00e3o muito grande pode salvar a vida de quem mora em Belmonte&#8221;.<\/p>\n<p>&nbsp;<\/p>\n<p>Policl\u00ednica<\/p>\n<p><img loading=\"lazy\" class=\"alignleft size-medium wp-image-92843\" src=\"http:\/\/www.blogdothame.blog.br\/v1\/wp-content\/uploads\/2019\/07\/bulan\u00e7a-1-300x200.jpg\" alt=\"bulan\u00e7a 1\" width=\"300\" height=\"200\" srcset=\"https:\/\/www.blogdothame.blog.br\/v1\/wp-content\/uploads\/2019\/07\/bulan\u00e7a-1-300x200.jpg 300w, https:\/\/www.blogdothame.blog.br\/v1\/wp-content\/uploads\/2019\/07\/bulan\u00e7a-1.jpg 512w\" sizes=\"(max-width: 300px) 100vw, 300px\" \/>\u00a0O governador disse que volta a Itabuna em Setembro para inaugurar uma policl\u00ednica regional, com investimento de 22 milh\u00f5es de reais. &#8220;Hoje n\u00f3s temos nove policl\u00ednicas em funcionamento, semana que vem n\u00f3s vamos inaugurar mais duas, em Juazeiro e em Vit\u00f3ria da Conquista. N\u00f3s queremos que essas policl\u00ednicas fa\u00e7am todos os exames que as pessoas precisam. Hoje os munic\u00edpios pagam um pre\u00e7o alto por exames como endoscopia, colonoscopia, e nessas policl\u00ednicas os pre\u00e7os saem a baixo custo, para que possamos zerar as filas de espera&#8221;.<\/p>\n<p>&nbsp;<\/p>\n<p>Maternidade<\/p>\n<p>Rui disse que a regi\u00e3o vai receber tamb\u00e9m uma maternidade de alta complexidade, em Ilh\u00e9us. &#8220;Estamos transformando o antigo hospital Luiz Viana em uma unidade de maternidade de alta complexidade para servir de refer\u00eancia para toda a regi\u00e3o, com leito de UTI pedi\u00e1trica. Estamos completando todo o cen\u00e1rio de oferta de servi\u00e7os p\u00fablicos de baixa, m\u00e9dia e alta complexidade, seja para crian\u00e7a, para adulto, seja para idoso\u201d.<\/p>\n<p>&nbsp;<\/p>\n<p>Infraestrutura<\/p>\n<p>Rui anunciou ainda que foi licitada a recupera\u00e7\u00e3o do anel vi\u00e1rio de Itabuna, pelo valor de R$ 6 milh\u00f5es. &#8220;As obras come\u00e7am em 10 ou 15 dias. Vamos ainda iniciar a constru\u00e7\u00e3o da duplica\u00e7\u00e3o da rodovia Ilh\u00e9us-Itabuna. Eu venho aqui para acompanhar o trabalho das primeiras m\u00e1quinas nessa outra obra t\u00e3o sonhada t\u00e3o desejada tanto por Ilh\u00e9us e Itabuna como por todos os munic\u00edpios que utilizam essa passagem&#8221;.<\/p>\n","protected":false},"excerpt":{"rendered":"<p>GOVERNADOR TAMB\u00c9M ANUNCIA RECUPERA\u00c7\u00c3O DO SEMIANEL RODOVI\u00c1RIO Oito munic\u00edpios do sul da Bahia receberam nove ambul\u00e2ncias do Governo do Estado. A entrega foi feita pelo governador Rui Costa, neste s\u00e1bado (27), aos prefeitos de Itabuna, Ilh\u00e9us, Belmonte, Buerarema, Itapebi, Uru\u00e7uca, Nova Vi\u00e7osa e Itap\u00e9. Em Itabuna tamb\u00e9m foi entregue uma Unidade de Sa\u00fade da Fam\u00edlia.\u00a0O [&hellip;]<\/p>\n","protected":false},"author":2,"featured_media":0,"comment_status":"open","ping_status":"open","sticky":false,"template":"","format":"standard","meta":{"_links_to":"","_links_to_target":""},"categories":[1],"tags":[25024,25025,20945,615,25026,185],"_links":{"self":[{"href":"https:\/\/www.blogdothame.blog.br\/v1\/wp-json\/wp\/v2\/posts\/92839"}],"collection":[{"href":"https:\/\/www.blogdothame.blog.br\/v1\/wp-json\/wp\/v2\/posts"}],"about":[{"href":"https:\/\/www.blogdothame.blog.br\/v1\/wp-json\/wp\/v2\/types\/post"}],"author":[{"embeddable":true,"href":"https:\/\/www.blogdothame.blog.br\/v1\/wp-json\/wp\/v2\/users\/2"}],"replies":[{"embeddable":true,"href":"https:\/\/www.blogdothame.blog.br\/v1\/wp-json\/wp\/v2\/comments?post=92839"}],"version-history":[{"count":1,"href":"https:\/\/www.blogdothame.blog.br\/v1\/wp-json\/wp\/v2\/posts\/92839\/revisions"}],"predecessor-version":[{"id":92844,"href":"https:\/\/www.blogdothame.blog.br\/v1\/wp-json\/wp\/v2\/posts\/92839\/revisions\/92844"}],"wp:attachment":[{"href":"https:\/\/www.blogdothame.blog.br\/v1\/wp-json\/wp\/v2\/media?parent=92839"}],"wp:term":[{"taxonomy":"category","embeddable":true,"href":"https:\/\/www.blogdothame.blog.br\/v1\/wp-json\/wp\/v2\/categories?post=92839"},{"taxonomy":"post_tag","embeddable":true,"href":"https:\/\/www.blogdothame.blog.br\/v1\/wp-json\/wp\/v2\/tags?post=92839"}],"curies":[{"name":"wp","href":"https:\/\/api.w.org\/{rel}","templated":true}]}}