{"id":92801,"date":"2019-07-26T13:37:30","date_gmt":"2019-07-26T16:37:30","guid":{"rendered":"http:\/\/www.blogdothame.blog.br\/v1\/?p=92801"},"modified":"2019-07-27T09:42:51","modified_gmt":"2019-07-27T12:42:51","slug":"consorcio-nao-e-lugar-para-fazer-politica-diz-rui-costa-a-prefeitos-do-sul-da-bahia","status":"publish","type":"post","link":"https:\/\/www.blogdothame.blog.br\/v1\/2019\/07\/26\/consorcio-nao-e-lugar-para-fazer-politica-diz-rui-costa-a-prefeitos-do-sul-da-bahia\/","title":{"rendered":"\u201cCons\u00f3rcio n\u00e3o \u00e9 lugar para fazer pol\u00edtica\u201d, diz Rui Costa a prefeitos do sul da Bahia"},"content":{"rendered":"<p>O governador Rui Costa est\u00e1 em uma extensa agenda no sul da Bahia, iniciada com a inaugura\u00e7\u00e3o, em Ilh\u00e9us, de uma unidade do supermercado Assa\u00ed Atacadista, nesta sexta-feira (26). Em seguida, participou, no Centro de Conven\u00e7\u00f5es do munic\u00edpio, de reuni\u00e3o com prefeitos da regi\u00e3o para tratar da cria\u00e7\u00e3o de cons\u00f3rcios municipais de infraestrutura e para destina\u00e7\u00e3o de res\u00edduos s\u00f3lidos.<\/p>\n<p><img loading=\"lazy\" class=\"alignleft  wp-image-92802\" src=\"http:\/\/www.blogdothame.blog.br\/v1\/wp-content\/uploads\/2019\/07\/cons-2.jpg\" alt=\"cons 2\" width=\"356\" height=\"237\" srcset=\"https:\/\/www.blogdothame.blog.br\/v1\/wp-content\/uploads\/2019\/07\/cons-2.jpg 512w, https:\/\/www.blogdothame.blog.br\/v1\/wp-content\/uploads\/2019\/07\/cons-2-300x200.jpg 300w\" sizes=\"(max-width: 356px) 100vw, 356px\" \/>Para o governador, o cons\u00f3rcio de infraestrutura tem que ter m\u00e1quinas, mas tamb\u00e9m tem que ter funcion\u00e1rio contratado com carteira assinada, capacitado, para operar os equipamentos. &#8220;N\u00e3o \u00e9 um empregado municipal para operar os equipamentos modernos, que eles n\u00e3o conhecem. \u00c9 o funcion\u00e1rio do cons\u00f3rcio, treinado para isso. N\u00e3o adianta disponibilizar uma m\u00e1quina moderna para o munic\u00edpio e n\u00e3o ter uma pessoa preparada para operar aquele equipamento&#8221;.<\/p>\n<p>Ainda de acordo com Rui, que est\u00e1 acompanhado do secret\u00e1rio estadual de Infraestrutura, Marcus Cavalcanti, o cons\u00f3rcio n\u00e3o funciona s\u00f3 com a parte do Estado, \u00e9 preciso ter engajamento dos prefeitos. &#8220;Olhem para os cons\u00f3rcios como ferramenta de gest\u00e3o, cons\u00f3rcio n\u00e3o \u00e9 lugar para fazer pol\u00edtica. O cons\u00f3rcio \u00e9 uma ferramenta com a qual eu posso fazer mais coisas para o meu munic\u00edpio por um custo menor&#8221;.<\/p>\n<p><!--more--><\/p>\n<p>Destino dos res\u00edduos s\u00f3lidos<\/p>\n<p><img loading=\"lazy\" class=\"alignright  wp-image-92803\" src=\"http:\/\/www.blogdothame.blog.br\/v1\/wp-content\/uploads\/2019\/07\/cons-3.jpg\" alt=\"cons 3\" width=\"311\" height=\"207\" srcset=\"https:\/\/www.blogdothame.blog.br\/v1\/wp-content\/uploads\/2019\/07\/cons-3.jpg 512w, https:\/\/www.blogdothame.blog.br\/v1\/wp-content\/uploads\/2019\/07\/cons-3-300x200.jpg 300w\" sizes=\"(max-width: 311px) 100vw, 311px\" \/>O governador Rui Costa tamb\u00e9m afirmou que o objetivo da reuni\u00e3o \u00e9, assim como foi feito no cons\u00f3rcio de Sa\u00fade, dar uma solu\u00e7\u00e3o aos res\u00edduos s\u00f3lidos por meio de parceria entre Estado e munic\u00edpios. &#8220;O primeiro passo, eu entendo, \u00e9 que cada munic\u00edpio tem que tomar consci\u00eancia de que sozinho n\u00e3o tem f\u00f4lego para resolver essa quest\u00e3o. N\u00f3s n\u00e3o podemos ir a lugar nenhum ficar jogando lixo a c\u00e9u aberto, muito menos em uma regi\u00e3o com forte apelo tur\u00edstico. Se n\u00f3s quisermos que toda a regi\u00e3o traga cada vez mais investimentos em pousadas, hot\u00e9is, restaurantes, gente para vir gastar dinheiro na regi\u00e3o, gerar emprego, n\u00f3s temos que, definitivamente, resolver a quest\u00e3o de limpeza p\u00fablica e coleta e destino do lixo&#8221;, destacou.<\/p>\n<p>Rui lembrou que a responsabilidade da destina\u00e7\u00e3o dos res\u00edduos s\u00f3lidos pertence, legalmente, ao munic\u00edpio. &#8220;O Estado quer ser colaborador, mas a decis\u00e3o cabe, exclusivamente, ao munic\u00edpio. Eu acredito que a solu\u00e7\u00e3o \u00e9 um cons\u00f3rcio. Como os munic\u00edpios t\u00eam baixa capacidade de investimento, e o Estado tem um pouco mais de articula\u00e7\u00e3o, acredito que possamos nos juntar e organizar o tratamento de lixo s\u00f3lido de forma consorciada&#8221;.<\/p>\n<p>Mais empregos<\/p>\n<p>Sobre o Assa\u00ed Atacadista inaugurado em Ilh\u00e9us, Rui Costa disse que \u201co novo empreendimento gera 440 empregos, facilita o acesso da popula\u00e7\u00e3o aos bens de primeira necessidade e, de quebra, aumenta a concorr\u00eancia, o que regula os pre\u00e7os, \u00e9 bom para a popula\u00e7\u00e3o e \u00e9 bom para a economia&#8221;. (fotos Manu Dias)<\/p>\n","protected":false},"excerpt":{"rendered":"<p>O governador Rui Costa est\u00e1 em uma extensa agenda no sul da Bahia, iniciada com a inaugura\u00e7\u00e3o, em Ilh\u00e9us, de uma unidade do supermercado Assa\u00ed Atacadista, nesta sexta-feira (26). Em seguida, participou, no Centro de Conven\u00e7\u00f5es do munic\u00edpio, de reuni\u00e3o com prefeitos da regi\u00e3o para tratar da cria\u00e7\u00e3o de cons\u00f3rcios municipais de infraestrutura e para [&hellip;]<\/p>\n","protected":false},"author":2,"featured_media":0,"comment_status":"open","ping_status":"open","sticky":false,"template":"","format":"standard","meta":{"_links_to":"","_links_to_target":""},"categories":[1],"tags":[23357,67,25013,615,185],"_links":{"self":[{"href":"https:\/\/www.blogdothame.blog.br\/v1\/wp-json\/wp\/v2\/posts\/92801"}],"collection":[{"href":"https:\/\/www.blogdothame.blog.br\/v1\/wp-json\/wp\/v2\/posts"}],"about":[{"href":"https:\/\/www.blogdothame.blog.br\/v1\/wp-json\/wp\/v2\/types\/post"}],"author":[{"embeddable":true,"href":"https:\/\/www.blogdothame.blog.br\/v1\/wp-json\/wp\/v2\/users\/2"}],"replies":[{"embeddable":true,"href":"https:\/\/www.blogdothame.blog.br\/v1\/wp-json\/wp\/v2\/comments?post=92801"}],"version-history":[{"count":1,"href":"https:\/\/www.blogdothame.blog.br\/v1\/wp-json\/wp\/v2\/posts\/92801\/revisions"}],"predecessor-version":[{"id":92804,"href":"https:\/\/www.blogdothame.blog.br\/v1\/wp-json\/wp\/v2\/posts\/92801\/revisions\/92804"}],"wp:attachment":[{"href":"https:\/\/www.blogdothame.blog.br\/v1\/wp-json\/wp\/v2\/media?parent=92801"}],"wp:term":[{"taxonomy":"category","embeddable":true,"href":"https:\/\/www.blogdothame.blog.br\/v1\/wp-json\/wp\/v2\/categories?post=92801"},{"taxonomy":"post_tag","embeddable":true,"href":"https:\/\/www.blogdothame.blog.br\/v1\/wp-json\/wp\/v2\/tags?post=92801"}],"curies":[{"name":"wp","href":"https:\/\/api.w.org\/{rel}","templated":true}]}}