{"id":92798,"date":"2019-07-26T10:31:32","date_gmt":"2019-07-26T13:31:32","guid":{"rendered":"http:\/\/www.blogdothame.blog.br\/v1\/?p=92798"},"modified":"2019-07-25T18:33:26","modified_gmt":"2019-07-25T21:33:26","slug":"shopping-jequitiba-celebra-os-109-anos-de-itabuna-com-shows-e-exposicao-de-robotica","status":"publish","type":"post","link":"https:\/\/www.blogdothame.blog.br\/v1\/2019\/07\/26\/shopping-jequitiba-celebra-os-109-anos-de-itabuna-com-shows-e-exposicao-de-robotica\/","title":{"rendered":"Shopping Jequitib\u00e1 celebra os 109 anos de Itabuna  com shows e exposi\u00e7\u00e3o de Rob\u00f3tica"},"content":{"rendered":"<p><img loading=\"lazy\" class=\"aligncenter  wp-image-73763\" src=\"http:\/\/www.blogdothame.blog.br\/v1\/wp-content\/uploads\/2018\/03\/xopis.jpg\" alt=\"xopis\" width=\"485\" height=\"273\" srcset=\"https:\/\/www.blogdothame.blog.br\/v1\/wp-content\/uploads\/2018\/03\/xopis.jpg 800w, https:\/\/www.blogdothame.blog.br\/v1\/wp-content\/uploads\/2018\/03\/xopis-300x169.jpg 300w\" sizes=\"(max-width: 485px) 100vw, 485px\" \/><\/p>\n<p>O Shopping Jequitib\u00e1 est\u00e1 com uma programa\u00e7\u00e3o especial para marcar o encerramento do projeto Super F\u00e9rias 2019 e comemorar os 109 anos de emancipa\u00e7\u00e3o de Itabuna. At\u00e9 s\u00e1bado das 14 \u00e0s 20 horas, \u00a0e no domingo, das 14 \u00e0s 20 horas, na Pra\u00e7a Central a Federa\u00e7\u00e3o das Ind\u00fastrias do Estado da Bahia-FIEB e a Unime Itabuna, promovem uma Exposi\u00e7\u00e3o Interativa de Rob\u00f3tica, com demonstra\u00e7\u00e3o de impressora 3D, Bra\u00e7o Rob\u00f3tico, Projeto \u00cdcaro, Rob\u00f3tica Educacional, Gerador Van de Graff e exposi\u00e7\u00e3o de personagens feitos em impressora 3D.<\/p>\n<p>No domingo, celebra\u00e7\u00e3o do anivers\u00e1rio de Itabuna, ter\u00e1 a apresenta\u00e7\u00e3o de Iago Sena, \u00e0s 12:30h, na pra\u00e7a de alimenta\u00e7\u00e3o. \u00c0s 15:30h tem exibi\u00e7\u00e3o das Bruxas do Rio Cachoeira e, \u00e0s 17 horas, um momento especial,o espet\u00e1culo musical \u201cDeu a louca no mundo da Fantasia\u201d, com a Turma de Teatro\u00a0e Fantasia, para encerrar a a\u00e7\u00e3o Super F\u00e9rias 2.<\/p>\n<p>\u00c0s 19 horas,\u00a0fechando a programa\u00e7\u00e3o dos festejos da cidade, show com\u00a0K\u00e9rsia Vicente. Inaugurado no ano 2000, o Shopping Jequitib\u00e1 \u00e9 um dos s\u00edmbolos de Itabuna, em constante processo de amplia\u00e7\u00e3o e moderniza\u00e7\u00e3o, atraindo clientes de todo o Sul da Bahia.<\/p>\n<p>&nbsp;<\/p>\n","protected":false},"excerpt":{"rendered":"<p>O Shopping Jequitib\u00e1 est\u00e1 com uma programa\u00e7\u00e3o especial para marcar o encerramento do projeto Super F\u00e9rias 2019 e comemorar os 109 anos de emancipa\u00e7\u00e3o de Itabuna. At\u00e9 s\u00e1bado das 14 \u00e0s 20 horas, \u00a0e no domingo, das 14 \u00e0s 20 horas, na Pra\u00e7a Central a Federa\u00e7\u00e3o das Ind\u00fastrias do Estado da Bahia-FIEB e a Unime [&hellip;]<\/p>\n","protected":false},"author":2,"featured_media":0,"comment_status":"open","ping_status":"open","sticky":false,"template":"","format":"standard","meta":{"_links_to":"","_links_to_target":""},"categories":[1],"tags":[12197,25012,39,1254,6918],"_links":{"self":[{"href":"https:\/\/www.blogdothame.blog.br\/v1\/wp-json\/wp\/v2\/posts\/92798"}],"collection":[{"href":"https:\/\/www.blogdothame.blog.br\/v1\/wp-json\/wp\/v2\/posts"}],"about":[{"href":"https:\/\/www.blogdothame.blog.br\/v1\/wp-json\/wp\/v2\/types\/post"}],"author":[{"embeddable":true,"href":"https:\/\/www.blogdothame.blog.br\/v1\/wp-json\/wp\/v2\/users\/2"}],"replies":[{"embeddable":true,"href":"https:\/\/www.blogdothame.blog.br\/v1\/wp-json\/wp\/v2\/comments?post=92798"}],"version-history":[{"count":1,"href":"https:\/\/www.blogdothame.blog.br\/v1\/wp-json\/wp\/v2\/posts\/92798\/revisions"}],"predecessor-version":[{"id":92799,"href":"https:\/\/www.blogdothame.blog.br\/v1\/wp-json\/wp\/v2\/posts\/92798\/revisions\/92799"}],"wp:attachment":[{"href":"https:\/\/www.blogdothame.blog.br\/v1\/wp-json\/wp\/v2\/media?parent=92798"}],"wp:term":[{"taxonomy":"category","embeddable":true,"href":"https:\/\/www.blogdothame.blog.br\/v1\/wp-json\/wp\/v2\/categories?post=92798"},{"taxonomy":"post_tag","embeddable":true,"href":"https:\/\/www.blogdothame.blog.br\/v1\/wp-json\/wp\/v2\/tags?post=92798"}],"curies":[{"name":"wp","href":"https:\/\/api.w.org\/{rel}","templated":true}]}}