{"id":92778,"date":"2019-07-26T08:05:53","date_gmt":"2019-07-26T11:05:53","guid":{"rendered":"http:\/\/www.blogdothame.blog.br\/v1\/?p=92778"},"modified":"2019-07-25T08:09:33","modified_gmt":"2019-07-25T11:09:33","slug":"planeta-dos-bichos-promove-feira-de-adocoes-em-iheus","status":"publish","type":"post","link":"https:\/\/www.blogdothame.blog.br\/v1\/2019\/07\/26\/planeta-dos-bichos-promove-feira-de-adocoes-em-iheus\/","title":{"rendered":"Planeta dos Bichos promove Feira de Ado\u00e7\u00f5es em Ih\u00e9us"},"content":{"rendered":"<p><img loading=\"lazy\" class=\"alignright size-medium wp-image-92779\" src=\"http:\/\/www.blogdothame.blog.br\/v1\/wp-content\/uploads\/2019\/07\/caes-e-cats-da-1-300x190.jpg\" alt=\"caes e cats da 1\" width=\"300\" height=\"190\" \/>O Instituto Planeta dos Bichos promove uma feira de ado\u00e7\u00e3o de c\u00e3es castrados, neste s\u00e1bado (27), das 9 \u00e0s 14h30min. Diferente das outras edi\u00e7\u00f5es, a a\u00e7\u00e3o ocorrer\u00e1 no espa\u00e7o da Cl\u00ednica Veterin\u00e1ria Casa do Bicho, na Avenida Lomanto J\u00fanior, 950, no Pontal. Outra novidade informada pela ONG \u00e9 que durante a programa\u00e7\u00e3o, haver\u00e1 muita m\u00fasica, anima\u00e7\u00e3o e sorteio de brindes.<\/p>\n<p>O gesto pode salvar vidas, mas tamb\u00e9m ajudar\u00e1 a diminuir, ao menos um pouquinho, o n\u00famero de pets que vivem em condi\u00e7\u00f5es prec\u00e1rias pelas ruas. Diante dessa afirma\u00e7\u00e3o, a respons\u00e1vel pela ONG, Maria da Concei\u00e7\u00e3o Barbosa (Cei\u00e7a) entende que, quando uma pessoa adota um pet, expressa amor e um cuidado consigo mesma. \u201cPode ter certeza que estar\u00e3o fazendo um bem enorme\u201d.<\/p>\n<p>Atra\u00e7\u00f5es\u00a0\u2013 Cei\u00e7a adianta que durante a feira, os tutores que adotarem os animais, receber\u00e3o brinde especiais. A atra\u00e7\u00e3o musical Solange Skromov, que \u00e9 regente de m\u00fasica do Coral da Uesc integra a programa\u00e7\u00e3o, que vai disponibilizar ainda camisetas, tortas e brindes para comercializa\u00e7\u00e3o. Estas iniciativas visam ajudar a ONG, e quem participar ter\u00e1, inclusive, a oportunidade de doar medicamentos, ra\u00e7\u00e3o e material de limpeza.<\/p>\n<p><!--more--><\/p>\n<p>Vale lembrar que esses animais n\u00e3o s\u00e3o descart\u00e1veis, exigem dedica\u00e7\u00e3o e, mesmo quando adotados, geram custos com sa\u00fade, alimenta\u00e7\u00e3o, higiene, entre outros. Cei\u00e7a finaliza sobre os gatos. \u201cSomente receberemos gatinhos para doa\u00e7\u00e3o na feira, os doadores que apresentarem documentos de RG e comprovante de resid\u00eancia. A ONG \u00e9 direcionada \u00e0 c\u00e3es, os felinos s\u00e3o recebidos apenas para doa\u00e7\u00e3o e por isso, n\u00e3o s\u00e3o castrados\u201d, arremata Cei\u00e7a.<\/p>\n<p>Al\u00e9m de passar por uma triagem, na qual s\u00e3o questionados desde os motivos da ado\u00e7\u00e3o at\u00e9 h\u00e1bitos familiares, o interessado em adotar um c\u00e3o ou gato deve ser maior de 18 anos, apresentar RG e comprovante de resid\u00eancia recente. Al\u00e9m disso, \u00e9 importante levar caixinha de transporte ou coleira para levar o animal para casa em seguran\u00e7a. Portanto, coloque tudo isso na balan\u00e7a antes de levar um pet para casa e n\u00e3o deixe de conversar com toda a sua fam\u00edlia.<\/p>\n<p>&nbsp;<\/p>\n","protected":false},"excerpt":{"rendered":"<p>O Instituto Planeta dos Bichos promove uma feira de ado\u00e7\u00e3o de c\u00e3es castrados, neste s\u00e1bado (27), das 9 \u00e0s 14h30min. Diferente das outras edi\u00e7\u00f5es, a a\u00e7\u00e3o ocorrer\u00e1 no espa\u00e7o da Cl\u00ednica Veterin\u00e1ria Casa do Bicho, na Avenida Lomanto J\u00fanior, 950, no Pontal. Outra novidade informada pela ONG \u00e9 que durante a programa\u00e7\u00e3o, haver\u00e1 muita m\u00fasica, [&hellip;]<\/p>\n","protected":false},"author":2,"featured_media":0,"comment_status":"open","ping_status":"open","sticky":false,"template":"","format":"standard","meta":{"_links_to":"","_links_to_target":""},"categories":[1],"tags":[25007,4421,17051],"_links":{"self":[{"href":"https:\/\/www.blogdothame.blog.br\/v1\/wp-json\/wp\/v2\/posts\/92778"}],"collection":[{"href":"https:\/\/www.blogdothame.blog.br\/v1\/wp-json\/wp\/v2\/posts"}],"about":[{"href":"https:\/\/www.blogdothame.blog.br\/v1\/wp-json\/wp\/v2\/types\/post"}],"author":[{"embeddable":true,"href":"https:\/\/www.blogdothame.blog.br\/v1\/wp-json\/wp\/v2\/users\/2"}],"replies":[{"embeddable":true,"href":"https:\/\/www.blogdothame.blog.br\/v1\/wp-json\/wp\/v2\/comments?post=92778"}],"version-history":[{"count":1,"href":"https:\/\/www.blogdothame.blog.br\/v1\/wp-json\/wp\/v2\/posts\/92778\/revisions"}],"predecessor-version":[{"id":92780,"href":"https:\/\/www.blogdothame.blog.br\/v1\/wp-json\/wp\/v2\/posts\/92778\/revisions\/92780"}],"wp:attachment":[{"href":"https:\/\/www.blogdothame.blog.br\/v1\/wp-json\/wp\/v2\/media?parent=92778"}],"wp:term":[{"taxonomy":"category","embeddable":true,"href":"https:\/\/www.blogdothame.blog.br\/v1\/wp-json\/wp\/v2\/categories?post=92778"},{"taxonomy":"post_tag","embeddable":true,"href":"https:\/\/www.blogdothame.blog.br\/v1\/wp-json\/wp\/v2\/tags?post=92778"}],"curies":[{"name":"wp","href":"https:\/\/api.w.org\/{rel}","templated":true}]}}