{"id":92775,"date":"2019-07-25T04:01:24","date_gmt":"2019-07-25T07:01:24","guid":{"rendered":"http:\/\/www.blogdothame.blog.br\/v1\/?p=92775"},"modified":"2019-07-25T08:05:43","modified_gmt":"2019-07-25T11:05:43","slug":"assai-inaugura-unidade-em-ilheus","status":"publish","type":"post","link":"https:\/\/www.blogdothame.blog.br\/v1\/2019\/07\/25\/assai-inaugura-unidade-em-ilheus\/","title":{"rendered":"Assa\u00ed inaugura unidade  em Ilh\u00e9us"},"content":{"rendered":"<p><img loading=\"lazy\" class=\"alignleft size-medium wp-image-92776\" src=\"http:\/\/www.blogdothame.blog.br\/v1\/wp-content\/uploads\/2019\/07\/assai-ios-300x225.jpg\" alt=\"assai ios\" width=\"300\" height=\"225\" srcset=\"https:\/\/www.blogdothame.blog.br\/v1\/wp-content\/uploads\/2019\/07\/assai-ios-300x225.jpg 300w, https:\/\/www.blogdothame.blog.br\/v1\/wp-content\/uploads\/2019\/07\/assai-ios.jpg 480w\" sizes=\"(max-width: 300px) 100vw, 300px\" \/>Nesta sexta feira, 26 de julho,\u00a0o Assa\u00ed Atacadista abre as portas de sua unidade no munic\u00edpio de Ilh\u00e9us. A inaugura\u00e7\u00e3o marca a continuidade do plano de expans\u00e3o da rede para 2019, que planeja a abertura de 15 a 20 lojas at\u00e9 o fim deste ano, e refor\u00e7a a import\u00e2ncia estrat\u00e9gica do estado para as opera\u00e7\u00f5es da companhia. A nova unidade, a 149\u00aa no Brasil, \u00e9 tamb\u00e9m a 12\u00aa do Assa\u00ed na Bahia. No Nordeste, \u00e9 o estado com o maior n\u00famero de unidades da bandeira.<\/p>\n<p>Em prepara\u00e7\u00e3o para a abertura, a rede investiu 53 milh\u00f5es de reais e criou mais de 500 postos de trabalho, entre diretos e indiretos, gerando oportunidades de emprego e renda, e contribuindo para o desenvolvimento econ\u00f4mico do munic\u00edpio.<\/p>\n<p>\u201cIlh\u00e9us vive um momento muito importante. Atraiu investimentos e obras que ser\u00e3o fundamentais para mais um salto de desenvolvimento econ\u00f4mico e social. Estamos muito orgulhosos por fazer parte dessa nova fase e poder atender a popula\u00e7\u00e3o local com\u00a0variedade, qualidade no atendimento e pre\u00e7os competitivos, que as s\u00e3o marcas registradas do Assa\u00ed\u201d, afirma Belmiro Gomes, presidente do Assa\u00ed Atacadista.<\/p>\n<p><!--more--><\/p>\n<p>A nova loja tem mais de 5 mil m2\u00a0de sal\u00e3o de vendas, 26 checkouts e 441 vagas de estacionamento para carros e motos. Preparada para atender transformadores (food service, lanchonetes, pasteleiros, restaurantes), revendedores (donos de padarias, mercados, mercearias, cantinas), utilizadores (escolas, hot\u00e9is, clubes, condom\u00ednios) e, tamb\u00e9m, consumidores finais, o Assa\u00ed em Ilh\u00e9us oferecer\u00e1 um sortimento de mais de sete mil itens, de grandes marcas nacionais e importadas, incluindo alimentos, bebidas, produtos de higiene pessoal e limpeza, de bazar, para autom\u00f3veis e animais de estima\u00e7\u00e3o, al\u00e9m de descart\u00e1veis e embalagens.<\/p>\n<p>&nbsp;<\/p>\n<p>Localizada na Zona Sul de Ilh\u00e9us, uma das \u00e1reas que mais cresce na cidade, a unidade funcionar\u00e1 de segunda-feira a s\u00e1bado, das 7h \u00e0s 22h, e aos domingos e feriados, das 7h \u00e0s 18h, na Avenida Oliven\u00e7a (em frente \u00e0 Cabana Gabriela).<\/p>\n<p>&nbsp;<\/p>\n<p>Pol\u00edtica de pre\u00e7os \u2013\u00a0Um dos diferenciais do Assa\u00ed \u00e9 a pol\u00edtica de dois pre\u00e7os, que atende \u00e0s necessidades dos diferentes perfis de clientes que frequentam as lojas da rede. Com a pol\u00edtica, os clientes podem adquirir desde uma caixa fechada de determinado produto at\u00e9 uma \u00fanica unidade, sem deixar de aproveitar os pre\u00e7os competitivos que a bandeira oferece.<\/p>\n<p>&nbsp;<\/p>\n<p>Al\u00e9m disso, o Assa\u00ed disponibiliza o seu cart\u00e3o de cr\u00e9dito pr\u00f3prio, o Passa\u00ed, que permite a qualquer cliente pagar o pre\u00e7o de atacado, mesmo comprando uma \u00fanica unidade de um item. O benef\u00edcio \u00e9 in\u00e9dito no segmento de atacado de autosservi\u00e7o. Lan\u00e7ado em 2017, o Passa\u00ed j\u00e1 \u00e9 respons\u00e1vel por 5% do total das vendas da rede, atingindo 10% em algumas unidades.<\/p>\n<p>&nbsp;<\/p>\n<p>Sustentabilidade\u00a0&#8211;\u00a0A unidade Assa\u00ed Ilh\u00e9us conta com ilumina\u00e7\u00e3o 100% em LED e ilhas de refrigera\u00e7\u00e3o e congelados (freezers) com portas, iniciativas que proporcionam uma experi\u00eancia de compra mais agrad\u00e1vel aos clientes ao mesmo tempo em que reduzem o consumo de energia el\u00e9trica. Conta, tamb\u00e9m, com fachada de vidro e telhas transl\u00facidas, garantindo um melhor aproveitamento da luz natural e redu\u00e7\u00e3o nos gastos com energia.<\/p>\n<p>&nbsp;<\/p>\n<p>Paralelamente, a rede investe em outras iniciativas sustent\u00e1veis, como o descarte correto de res\u00edduos e itens recicl\u00e1veis usados no dia a dia das lojas, incluindo caixas de papel\u00e3o e \u00f3leo de cozinha. E incentiva, tamb\u00e9m, o uso de sacolas retorn\u00e1veis. A cole\u00e7\u00e3o de sacolas do Assa\u00ed conta com quatro modelos, todos com capacidade de 15kg e estampas inspiradas na mandala, que \u00e9 o s\u00edmbolo da integra\u00e7\u00e3o e da harmonia.<\/p>\n<p>Para o p\u00fablico em geral, a loja oferece coletores de pilhas e baterias , que garantem o descarte adequado desses produtos, evitando assim a contamina\u00e7\u00e3o do solo.<\/p>\n","protected":false},"excerpt":{"rendered":"<p>Nesta sexta feira, 26 de julho,\u00a0o Assa\u00ed Atacadista abre as portas de sua unidade no munic\u00edpio de Ilh\u00e9us. A inaugura\u00e7\u00e3o marca a continuidade do plano de expans\u00e3o da rede para 2019, que planeja a abertura de 15 a 20 lojas at\u00e9 o fim deste ano, e refor\u00e7a a import\u00e2ncia estrat\u00e9gica do estado para as opera\u00e7\u00f5es [&hellip;]<\/p>\n","protected":false},"author":2,"featured_media":0,"comment_status":"open","ping_status":"open","sticky":false,"template":"","format":"standard","meta":{"_links_to":"","_links_to_target":""},"categories":[1],"tags":[25006,51,218],"_links":{"self":[{"href":"https:\/\/www.blogdothame.blog.br\/v1\/wp-json\/wp\/v2\/posts\/92775"}],"collection":[{"href":"https:\/\/www.blogdothame.blog.br\/v1\/wp-json\/wp\/v2\/posts"}],"about":[{"href":"https:\/\/www.blogdothame.blog.br\/v1\/wp-json\/wp\/v2\/types\/post"}],"author":[{"embeddable":true,"href":"https:\/\/www.blogdothame.blog.br\/v1\/wp-json\/wp\/v2\/users\/2"}],"replies":[{"embeddable":true,"href":"https:\/\/www.blogdothame.blog.br\/v1\/wp-json\/wp\/v2\/comments?post=92775"}],"version-history":[{"count":1,"href":"https:\/\/www.blogdothame.blog.br\/v1\/wp-json\/wp\/v2\/posts\/92775\/revisions"}],"predecessor-version":[{"id":92777,"href":"https:\/\/www.blogdothame.blog.br\/v1\/wp-json\/wp\/v2\/posts\/92775\/revisions\/92777"}],"wp:attachment":[{"href":"https:\/\/www.blogdothame.blog.br\/v1\/wp-json\/wp\/v2\/media?parent=92775"}],"wp:term":[{"taxonomy":"category","embeddable":true,"href":"https:\/\/www.blogdothame.blog.br\/v1\/wp-json\/wp\/v2\/categories?post=92775"},{"taxonomy":"post_tag","embeddable":true,"href":"https:\/\/www.blogdothame.blog.br\/v1\/wp-json\/wp\/v2\/tags?post=92775"}],"curies":[{"name":"wp","href":"https:\/\/api.w.org\/{rel}","templated":true}]}}