{"id":92715,"date":"2019-07-24T07:45:41","date_gmt":"2019-07-24T10:45:41","guid":{"rendered":"http:\/\/www.blogdothame.blog.br\/v1\/?p=92715"},"modified":"2019-07-23T17:53:21","modified_gmt":"2019-07-23T20:53:21","slug":"rede-hoteleira-de-ilheus-tem-ocupacao-de-100-em-julho","status":"publish","type":"post","link":"https:\/\/www.blogdothame.blog.br\/v1\/2019\/07\/24\/rede-hoteleira-de-ilheus-tem-ocupacao-de-100-em-julho\/","title":{"rendered":"Rede hoteleira de Ilh\u00e9us tem ocupa\u00e7\u00e3o de 100% em julho"},"content":{"rendered":"<p><img loading=\"lazy\" class=\"aligncenter  wp-image-92641\" src=\"http:\/\/www.blogdothame.blog.br\/v1\/wp-content\/uploads\/2019\/07\/foto-10.jpg\" alt=\"foto 10\" width=\"454\" height=\"303\" srcset=\"https:\/\/www.blogdothame.blog.br\/v1\/wp-content\/uploads\/2019\/07\/foto-10.jpg 625w, https:\/\/www.blogdothame.blog.br\/v1\/wp-content\/uploads\/2019\/07\/foto-10-300x200.jpg 300w\" sizes=\"(max-width: 454px) 100vw, 454px\" \/><\/p>\n<p>Em compara\u00e7\u00e3o ao mesmo per\u00edodo do ano passado, a ocupa\u00e7\u00e3o hoteleira de Ilh\u00e9us teve um amento expressivo em julho. Se em 2018 a taxa avaliada pelo Sindicato de Hot\u00e9is, Pousadas, Bares, Restaurantes e Similares de Ilh\u00e9us ficou em 50,03%, este ano fixou-se em 100%. \u201cOs dados dobraram, e nos d\u00e1 mais otimismo, pois os resultados t\u00eam sido satisfat\u00f3rios\u201d, afirma Gilberto Tavares, presidente da entidade. O levantamento levou em conta hot\u00e9is e outros meios de hospedagem que somam nove mil leitos dispon\u00edveis.<\/p>\n<p><img loading=\"lazy\" class=\"alignright size-medium wp-image-72936\" src=\"http:\/\/www.blogdothame.blog.br\/v1\/wp-content\/uploads\/2018\/02\/ilheus-2018-300x200.jpg\" alt=\"ilheus 2018\" width=\"300\" height=\"200\" srcset=\"https:\/\/www.blogdothame.blog.br\/v1\/wp-content\/uploads\/2018\/02\/ilheus-2018-300x200.jpg 300w, https:\/\/www.blogdothame.blog.br\/v1\/wp-content\/uploads\/2018\/02\/ilheus-2018-1024x682.jpg 1024w, https:\/\/www.blogdothame.blog.br\/v1\/wp-content\/uploads\/2018\/02\/ilheus-2018.jpg 1280w\" sizes=\"(max-width: 300px) 100vw, 300px\" \/>Seja em destinos quentes ou frios, a terrinha oferece conforto e tranquilidade garantidos pelo setor hoteleiro, pois est\u00e1 entre os destinos mais procurados, mesmo na baixa esta\u00e7\u00e3o, resultando em boa taxa de ocupa\u00e7\u00e3o no per\u00edodo, j\u00e1 estimado pela categoria. A variedade de recursos naturais, o litoral e a hist\u00f3ria conferem a Ilh\u00e9us uma voca\u00e7\u00e3o para a atividade tur\u00edstica, considerada a quinta cidade com maior fluxo de turismo na Bahia para o turista internacional.<\/p>\n<p>De acordo com a consultora do Hotel Aldeia da Praia, Ana Pessoa, as acomoda\u00e7\u00f5es do equipamento est\u00e3o com 70% de ocupa\u00e7\u00e3o. J\u00e1 o Opaba Praia Hotel registra m\u00e9dia de 94%, enquanto que no Hotel Jardim Atl\u00e2ntico, 80%. O Cana Brava Resort mant\u00e9m clientela ocupante de 90%. Um pouco mais \u00e0 frente est\u00e1 o Tororomba Resort, com 84%. J\u00e1 as pousadas Cacau D\u2019Ouro, no centro e Costa do Cacau, zona sul, registraram 60% e 70%, respectivamente.<\/p>\n<p><!--more--><\/p>\n<p>Na avalia\u00e7\u00e3o dos viajantes, Ilh\u00e9us inspira tranquilidade para fam\u00edlias que querem aproveitar as f\u00e9rias escolares no meio do ano. Outro fator atrativo, foi a quantidade de eventos sediados na cidade. O Viva Ilh\u00e9us abriu as festividades dos seus 485 anos de funda\u00e7\u00e3o e a movimenta\u00e7\u00e3o nas estradas, rodovi\u00e1ria e aeroporto aumentou. Entre as atra\u00e7\u00f5es, shows musicais e quadrilhas nos espa\u00e7os concedidos para fomento, consumo e lazer.<\/p>\n<p>Chocolate e literatura\u00a0\u2013 Na \u00faltima semana, o Chocolat Bahia 2019 atraiu cerca de 60 mil visitantes para o Centro de Conven\u00e7\u00f5es. Considerado o maior evento do setor no Pa\u00eds, a iniciativa integrou agroneg\u00f3cio, turismo e gastronomia, com milh\u00f5es de reais em neg\u00f3cios fechados. Esta semana, o Cal\u00e7ad\u00e3o Jorge Amado e Teatro Municipal recebe a 2\u00aa Festa Liter\u00e1ria (Flios), o IV Festival Liter\u00e1rio e a 7\u00aa Feira do Livro Uesc. A programa\u00e7\u00e3o segue at\u00e9 sexta-feira (23).<\/p>\n","protected":false},"excerpt":{"rendered":"<p>Em compara\u00e7\u00e3o ao mesmo per\u00edodo do ano passado, a ocupa\u00e7\u00e3o hoteleira de Ilh\u00e9us teve um amento expressivo em julho. Se em 2018 a taxa avaliada pelo Sindicato de Hot\u00e9is, Pousadas, Bares, Restaurantes e Similares de Ilh\u00e9us ficou em 50,03%, este ano fixou-se em 100%. \u201cOs dados dobraram, e nos d\u00e1 mais otimismo, pois os resultados [&hellip;]<\/p>\n","protected":false},"author":2,"featured_media":0,"comment_status":"open","ping_status":"open","sticky":false,"template":"","format":"standard","meta":{"_links_to":"","_links_to_target":""},"categories":[1],"tags":[24987,24988,218,16741,8775],"_links":{"self":[{"href":"https:\/\/www.blogdothame.blog.br\/v1\/wp-json\/wp\/v2\/posts\/92715"}],"collection":[{"href":"https:\/\/www.blogdothame.blog.br\/v1\/wp-json\/wp\/v2\/posts"}],"about":[{"href":"https:\/\/www.blogdothame.blog.br\/v1\/wp-json\/wp\/v2\/types\/post"}],"author":[{"embeddable":true,"href":"https:\/\/www.blogdothame.blog.br\/v1\/wp-json\/wp\/v2\/users\/2"}],"replies":[{"embeddable":true,"href":"https:\/\/www.blogdothame.blog.br\/v1\/wp-json\/wp\/v2\/comments?post=92715"}],"version-history":[{"count":1,"href":"https:\/\/www.blogdothame.blog.br\/v1\/wp-json\/wp\/v2\/posts\/92715\/revisions"}],"predecessor-version":[{"id":92716,"href":"https:\/\/www.blogdothame.blog.br\/v1\/wp-json\/wp\/v2\/posts\/92715\/revisions\/92716"}],"wp:attachment":[{"href":"https:\/\/www.blogdothame.blog.br\/v1\/wp-json\/wp\/v2\/media?parent=92715"}],"wp:term":[{"taxonomy":"category","embeddable":true,"href":"https:\/\/www.blogdothame.blog.br\/v1\/wp-json\/wp\/v2\/categories?post=92715"},{"taxonomy":"post_tag","embeddable":true,"href":"https:\/\/www.blogdothame.blog.br\/v1\/wp-json\/wp\/v2\/tags?post=92715"}],"curies":[{"name":"wp","href":"https:\/\/api.w.org\/{rel}","templated":true}]}}