{"id":92480,"date":"2019-07-17T10:07:05","date_gmt":"2019-07-17T13:07:05","guid":{"rendered":"http:\/\/www.blogdothame.blog.br\/v1\/?p=92480"},"modified":"2019-07-17T16:14:09","modified_gmt":"2019-07-17T19:14:09","slug":"governo-vai-fara-novas-nomeacao-de-professores-e-coordenadores-pedagogicos","status":"publish","type":"post","link":"https:\/\/www.blogdothame.blog.br\/v1\/2019\/07\/17\/governo-vai-fara-novas-nomeacao-de-professores-e-coordenadores-pedagogicos\/","title":{"rendered":"Governo  far\u00e1 novas nomea\u00e7\u00e3o de professores e coordenadores pedag\u00f3gicos"},"content":{"rendered":"<p><img loading=\"lazy\" class=\"alignright size-medium wp-image-92481\" src=\"http:\/\/www.blogdothame.blog.br\/v1\/wp-content\/uploads\/2019\/07\/papo-c-300x200.jpeg\" alt=\"papo c\" width=\"300\" height=\"200\" srcset=\"https:\/\/www.blogdothame.blog.br\/v1\/wp-content\/uploads\/2019\/07\/papo-c-300x200.jpeg 300w, https:\/\/www.blogdothame.blog.br\/v1\/wp-content\/uploads\/2019\/07\/papo-c-1024x682.jpeg 1024w, https:\/\/www.blogdothame.blog.br\/v1\/wp-content\/uploads\/2019\/07\/papo-c.jpeg 1280w\" sizes=\"(max-width: 300px) 100vw, 300px\" \/>O Governo do Estado vai publicar, no Di\u00e1rio Oficial do Estado (DOE) desta quinta-feira (18), a nomea\u00e7\u00e3o de 277 novos servidores aprovados no concurso p\u00fablico para a rede estadual de ensino. O an\u00fancio foi feito pelo governador Rui Costa, durante o programa Papo Correria, transmitido nesta ter\u00e7a (16) pelas redes sociais.<\/p>\n<p>A terceira nomea\u00e7\u00e3o do certame ir\u00e1 contemplar 260 professores e 17 coordenadores pedag\u00f3gicos. Destes, 70 profissionais ser\u00e3o alocados na capital e os outros 207 ir\u00e3o atuar no interior baiano. As nomea\u00e7\u00f5es desta quinta-feira (18) ser\u00e3o realizadas dentro do quantitativo de candidatos aprovados correspondente ao n\u00famero de vagas ofertadas em edital. A distribui\u00e7\u00e3o dos candidatos ficar\u00e1 a cargo da Secretaria da Educa\u00e7\u00e3o do Estado (SEC).<\/p>\n<p>Lan\u00e7ado em novembro de 2017, o concurso ofertou 3.760 vagas, sendo 3.096 para professores e 664 para coordenadores pedag\u00f3gicos. O concurso recebeu 103,5 mil inscritos, com mais de 41 mil habilitados.<\/p>\n","protected":false},"excerpt":{"rendered":"<p>O Governo do Estado vai publicar, no Di\u00e1rio Oficial do Estado (DOE) desta quinta-feira (18), a nomea\u00e7\u00e3o de 277 novos servidores aprovados no concurso p\u00fablico para a rede estadual de ensino. O an\u00fancio foi feito pelo governador Rui Costa, durante o programa Papo Correria, transmitido nesta ter\u00e7a (16) pelas redes sociais. A terceira nomea\u00e7\u00e3o do [&hellip;]<\/p>\n","protected":false},"author":2,"featured_media":0,"comment_status":"open","ping_status":"open","sticky":false,"template":"","format":"standard","meta":{"_links_to":"","_links_to_target":""},"categories":[1],"tags":[16,14548,24937,24936,3482,615],"_links":{"self":[{"href":"https:\/\/www.blogdothame.blog.br\/v1\/wp-json\/wp\/v2\/posts\/92480"}],"collection":[{"href":"https:\/\/www.blogdothame.blog.br\/v1\/wp-json\/wp\/v2\/posts"}],"about":[{"href":"https:\/\/www.blogdothame.blog.br\/v1\/wp-json\/wp\/v2\/types\/post"}],"author":[{"embeddable":true,"href":"https:\/\/www.blogdothame.blog.br\/v1\/wp-json\/wp\/v2\/users\/2"}],"replies":[{"embeddable":true,"href":"https:\/\/www.blogdothame.blog.br\/v1\/wp-json\/wp\/v2\/comments?post=92480"}],"version-history":[{"count":2,"href":"https:\/\/www.blogdothame.blog.br\/v1\/wp-json\/wp\/v2\/posts\/92480\/revisions"}],"predecessor-version":[{"id":92508,"href":"https:\/\/www.blogdothame.blog.br\/v1\/wp-json\/wp\/v2\/posts\/92480\/revisions\/92508"}],"wp:attachment":[{"href":"https:\/\/www.blogdothame.blog.br\/v1\/wp-json\/wp\/v2\/media?parent=92480"}],"wp:term":[{"taxonomy":"category","embeddable":true,"href":"https:\/\/www.blogdothame.blog.br\/v1\/wp-json\/wp\/v2\/categories?post=92480"},{"taxonomy":"post_tag","embeddable":true,"href":"https:\/\/www.blogdothame.blog.br\/v1\/wp-json\/wp\/v2\/tags?post=92480"}],"curies":[{"name":"wp","href":"https:\/\/api.w.org\/{rel}","templated":true}]}}