{"id":92105,"date":"2019-07-09T07:12:14","date_gmt":"2019-07-09T10:12:14","guid":{"rendered":"http:\/\/www.blogdothame.blog.br\/v1\/?p=92105"},"modified":"2019-07-08T15:19:07","modified_gmt":"2019-07-08T18:19:07","slug":"pequenos-e-covardes-jogadores-da-selecao-brasileira-tem-muito-a-aprender-com-a-gigante-megan","status":"publish","type":"post","link":"https:\/\/www.blogdothame.blog.br\/v1\/2019\/07\/09\/pequenos-e-covardes-jogadores-da-selecao-brasileira-tem-muito-a-aprender-com-a-gigante-megan\/","title":{"rendered":"Pequenos e covardes, jogadores da Sele\u00e7\u00e3o Brasileira t\u00eam muito a aprender com a gigante Megan"},"content":{"rendered":"<p style=\"text-align: right;\"><strong>por Daniel Trevisan, no Di\u00e1rio do Centro do Mundo<\/strong><\/p>\n<div id=\"attachment_92106\" style=\"width: 457px\" class=\"wp-caption aligncenter\"><img aria-describedby=\"caption-attachment-92106\" loading=\"lazy\" class=\" wp-image-92106\" src=\"http:\/\/www.blogdothame.blog.br\/v1\/wp-content\/uploads\/2019\/07\/megan.png\" alt=\"Megan Rapinoe, campe\u00e3 dentro e fora de campo. Foto de Benoit Tessier\/Reuters\" width=\"447\" height=\"275\" srcset=\"https:\/\/www.blogdothame.blog.br\/v1\/wp-content\/uploads\/2019\/07\/megan.png 600w, https:\/\/www.blogdothame.blog.br\/v1\/wp-content\/uploads\/2019\/07\/megan-300x185.png 300w\" sizes=\"(max-width: 447px) 100vw, 447px\" \/><p id=\"caption-attachment-92106\" class=\"wp-caption-text\">Megan Rapinoe, campe\u00e3 dentro e fora de campo. Foto de Benoit Tessier\/Reuters<\/p><\/div>\n<div id=\"attachment_92107\" style=\"width: 271px\" class=\"wp-caption aligncenter\"><img aria-describedby=\"caption-attachment-92107\" loading=\"lazy\" class=\" wp-image-92107\" src=\"http:\/\/www.blogdothame.blog.br\/v1\/wp-content\/uploads\/2019\/07\/sele.png\" alt=\"Sele\u00e7\u00e3o da CBF com Bolsonaro\" width=\"261\" height=\"150\" srcset=\"https:\/\/www.blogdothame.blog.br\/v1\/wp-content\/uploads\/2019\/07\/sele.png 600w, https:\/\/www.blogdothame.blog.br\/v1\/wp-content\/uploads\/2019\/07\/sele-300x173.png 300w\" sizes=\"(max-width: 261px) 100vw, 261px\" \/><p id=\"caption-attachment-92107\" class=\"wp-caption-text\">Sele\u00e7\u00e3o da CBF com Bolsonaro<\/p><\/div>\n<p>&nbsp;<\/p>\n<p class=\"p1\"><span class=\"s1\">Jair Bolsonaro postou em sua rede social o v\u00eddeo em que aparece sendo fotografado com os jogadores da Sele\u00e7\u00e3o Brasileira, com a ta\u00e7a da Copa Am\u00e9rica.<\/span><\/p>\n<p class=\"p1\"><span class=\"s1\">O que ele fez pela conquista?<\/span><\/p>\n<p class=\"p1\"><span class=\"s1\">Nada.<\/span><\/p>\n<p class=\"p1\"><span class=\"s1\">Ainda assim se ouve \u201cMito\u201d, \u201cMito\u201d, \u201cMito\u201d. <\/span><\/p>\n<div class=\"code-block code-block-1\"><\/div>\n<p class=\"p1\"><span class=\"s1\">Mas s\u00e3o poucos os jogadores que gritam. Os que mais bajulam Bolsonaro s\u00e3o pessoas que vestem agasalho branco.<\/span><\/p>\n<p class=\"p1\"><span class=\"s1\">O comandante da Sele\u00e7\u00e3o Brasileira, Tite, que havia se esquivado de um cumprimento mais caloroso de Bolsonaro, n\u00e3o est\u00e1 na foto. <\/span><\/p>\n<p class=\"p1\"><span class=\"s1\">O encontro com os jogadores deve ter sido proporcionado pelo mesmo assessor que tentou censurar a pergunta de um jornalista estrangeiro a Tite, na entrevista coletiva.<\/span><\/p>\n<p class=\"p1\"><span class=\"s1\">\u2014 Voc\u00ea s\u00f3 se deve fazer pergunta sobre a Copa Am\u00e9rica \u2014 disse o estafeta ao rep\u00f3rter que queria saber a opini\u00e3o do treinador sobre a presen\u00e7a de Bolsonaro no gramado.<\/span><\/p>\n<div class=\"code-block code-block-2\">\u00a0<span class=\"s1\">A foto com Bolsonaro e os gritos de campanha eleitoral s\u00e3o um contraste com a campe\u00e3 do mundo Megan Rapinoe, capit\u00e3 da Sele\u00e7\u00e3o dos Estados Unidos.<\/span><\/div>\n<p class=\"p1\"><span class=\"s1\">Considerada a melhor jogadora da Copa do Mundo,<span class=\"Apple-converted-space\">\u00a0 <\/span>ergueu a ta\u00e7a na Fran\u00e7a, depois de avisar que n\u00e3o veria Donald Trump.<\/span><\/p>\n<p class=\"p3\"><span class=\"s1\">\u201cN\u00e3o irei \u00e0 merda da Casa Branca\u201d, disse ela.<\/span><\/p>\n<p class=\"p3\"><span class=\"s1\">Em defesa de causas sociais e das minorias, n\u00e3o canta o hino dos Estados Unidos durante as competi\u00e7\u00f5es.<\/span><\/p>\n<p class=\"p3\"><span class=\"s1\">\u201cSou um protesto ambulante\u201d, disse.<\/span><\/p>\n<p class=\"p3\"><!--more--><\/p>\n<p class=\"p3\"><span class=\"s1\">\u201cSuponho que, pelo fato de ser mulher e homossexual, sinto uma maior empatia em rela\u00e7\u00e3o \u00e0s pessoas que n\u00e3o se encontram em uma posi\u00e7\u00e3o dominante. Achei uma obviedade. Quando algu\u00e9m se afoga, voc\u00ea vai ajudar ficando na beirada?\u201d, acrescentou.<\/span><\/p>\n<p class=\"p3\"><span class=\"s1\">Ela j\u00e1 se referiu a Trump como \u201csexista\u201d, \u201cmis\u00f3gino\u201d, \u201cmesquinho\u201d, \u201ccurto de ideias\u201d, \u201cracista\u201d e \u201cm\u00e1 pessoa\u201d.<\/span><\/p>\n<p class=\"p3\"><span class=\"s1\">Foi criticada pelo pr\u00f3prio presidente dos Estados Unidos, que tentou confundir a pessoa dele com s\u00edmbolos nacionais.<\/span><\/p>\n<p class=\"p5\"><span class=\"s1\">\u201cMegan n\u00e3o deveria nunca desrespeitar nosso pa\u00eds, a Casa Branca ou nossa bandeira, especialmente depois de tudo que foi feito por ela e pelo time. Seja orgulhosa da bandeira que defende\u201d, afirmou.<\/span><\/p>\n<p class=\"p5\"><span class=\"s1\">Trump ainda tentou desqualific\u00e1-la. \u201cDeveria ganhar primeiro antes de falar\u201d, disse.<\/span><\/p>\n<p class=\"p5\"><span class=\"s1\">Magan ganhou tudo: a Copa, o trof\u00e9u de melhor jogadora, a ta\u00e7a de artilheira. E manteve a resolu\u00e7\u00e3o de n\u00e3o ir \u00e0 Casa Branca. \u201cEle representa o oposto de tudo o que eu penso\u201d, disse.<\/span><\/p>\n<p class=\"p5\"><span class=\"s1\">Ganhou o apoio de jogadoras. Algumas j\u00e1 se manifestaram. \u201cEu me recuso a respeitar um homem que n\u00e3o merece respeito. Acho que ficar em sil\u00eancio pode favorecer o opressor e eu n\u00e3o quero que Rapinoe sinta que est\u00e1 sozinha, porque muitas de n\u00f3s t\u00eam o mesmo sentimento\u201d, disse Ali Krieger, lateral do time.<\/span><\/p>\n<p class=\"p7\"><span class=\"s1\">Megan, que \u00e9 patrocinada pela Nike, explicou por que se manifesta:<\/span><\/p>\n<p class=\"p7\"><span class=\"s1\">\u201cDisponho de uma plataforma t\u00e3o poderosa quanto o esporte, que interessa a milh\u00f5es de pessoas do mundo inteiro. E fa\u00e7o parte de uma equipe que recebe uma grande cobertura da m\u00eddia. Ficar calada seria ego\u00edsta.\u201d<\/span><\/p>\n<p class=\"p7\"><span class=\"s1\">Este certo que Marquinhos, que joga na Fran\u00e7a, passou direto por Bolsonaro e Tite foi discreto. Mas \u00e9 poss\u00edvel imaginar um jogador da Sele\u00e7\u00e3o Brasileira dizendo palavras corajosas como a capit\u00e3 da Sele\u00e7\u00e3o dos EUA?<\/span><\/p>\n","protected":false},"excerpt":{"rendered":"<p>por Daniel Trevisan, no Di\u00e1rio do Centro do Mundo &nbsp; Jair Bolsonaro postou em sua rede social o v\u00eddeo em que aparece sendo fotografado com os jogadores da Sele\u00e7\u00e3o Brasileira, com a ta\u00e7a da Copa Am\u00e9rica. O que ele fez pela conquista? Nada. Ainda assim se ouve \u201cMito\u201d, \u201cMito\u201d, \u201cMito\u201d. Mas s\u00e3o poucos os jogadores [&hellip;]<\/p>\n","protected":false},"author":2,"featured_media":0,"comment_status":"open","ping_status":"open","sticky":false,"template":"","format":"standard","meta":{"_links_to":"","_links_to_target":""},"categories":[1],"tags":[18953,24840,13462,237,24841],"_links":{"self":[{"href":"https:\/\/www.blogdothame.blog.br\/v1\/wp-json\/wp\/v2\/posts\/92105"}],"collection":[{"href":"https:\/\/www.blogdothame.blog.br\/v1\/wp-json\/wp\/v2\/posts"}],"about":[{"href":"https:\/\/www.blogdothame.blog.br\/v1\/wp-json\/wp\/v2\/types\/post"}],"author":[{"embeddable":true,"href":"https:\/\/www.blogdothame.blog.br\/v1\/wp-json\/wp\/v2\/users\/2"}],"replies":[{"embeddable":true,"href":"https:\/\/www.blogdothame.blog.br\/v1\/wp-json\/wp\/v2\/comments?post=92105"}],"version-history":[{"count":1,"href":"https:\/\/www.blogdothame.blog.br\/v1\/wp-json\/wp\/v2\/posts\/92105\/revisions"}],"predecessor-version":[{"id":92108,"href":"https:\/\/www.blogdothame.blog.br\/v1\/wp-json\/wp\/v2\/posts\/92105\/revisions\/92108"}],"wp:attachment":[{"href":"https:\/\/www.blogdothame.blog.br\/v1\/wp-json\/wp\/v2\/media?parent=92105"}],"wp:term":[{"taxonomy":"category","embeddable":true,"href":"https:\/\/www.blogdothame.blog.br\/v1\/wp-json\/wp\/v2\/categories?post=92105"},{"taxonomy":"post_tag","embeddable":true,"href":"https:\/\/www.blogdothame.blog.br\/v1\/wp-json\/wp\/v2\/tags?post=92105"}],"curies":[{"name":"wp","href":"https:\/\/api.w.org\/{rel}","templated":true}]}}