{"id":91929,"date":"2019-07-04T11:09:17","date_gmt":"2019-07-04T14:09:17","guid":{"rendered":"http:\/\/www.blogdothame.blog.br\/v1\/?p=91929"},"modified":"2019-07-03T17:16:58","modified_gmt":"2019-07-03T20:16:58","slug":"serie-retrata-o-cotidiano-de-jovens-indigenas","status":"publish","type":"post","link":"https:\/\/www.blogdothame.blog.br\/v1\/2019\/07\/04\/serie-retrata-o-cotidiano-de-jovens-indigenas\/","title":{"rendered":"S\u00e9rie retrata o cotidiano de jovens ind\u00edgenas"},"content":{"rendered":"<p><img loading=\"lazy\" class=\"aligncenter  wp-image-91932\" src=\"http:\/\/www.blogdothame.blog.br\/v1\/wp-content\/uploads\/2019\/07\/indios.jpg\" alt=\"indios\" width=\"402\" height=\"268\" srcset=\"https:\/\/www.blogdothame.blog.br\/v1\/wp-content\/uploads\/2019\/07\/indios.jpg 884w, https:\/\/www.blogdothame.blog.br\/v1\/wp-content\/uploads\/2019\/07\/indios-300x200.jpg 300w\" sizes=\"(max-width: 402px) 100vw, 402px\" \/><\/p>\n<p>A s\u00e9rie \u2018Guateka\u2019 narra o cotidiano de quatro jovens ind\u00edgenas Guarani-Kaiow\u00e1, que formam um grupo de rap na aldeia Jaguapiru, no interior da Reserva Ind\u00edgena de Dourados, no Mato Grosso do Sul. Com cinco epis\u00f3dios, a produ\u00e7\u00e3o estreia no dia 4 de julho e ser\u00e1 exibida \u00e0s quintas-feiras, \u00e0s 22h30, na TVE Bahia.<\/p>\n<p>A maior reserva ind\u00edgena urbana do Brasil \u00e9 tamb\u00e9m um cen\u00e1rio de pobreza e viol\u00eancia. Atrav\u00e9s da m\u00fasica, o grupo Br\u00f4 Mc\u2019s usa as rimas para expor a realidade da aldeia, os preconceitos e os conflitos por sua terra. Formado por quatro integrantes, o grupo comp\u00f5e e canta em guarani.<\/p>\n<p>Contemplada pelo Programa de Apoio ao Desenvolvimento do Audiovisual Brasileiro &#8211; Prodav 10, da Ag\u00eancia Nacional do Cinema (Ancine), a s\u00e9rie narra o in\u00edcio da carreira de Bruno Veron, Clemerson Batista, Kelvin Peixoto e Charlie Peixoto, e como eles levam as m\u00fasicas compostas e cantadas para o mundo conhecer sobre a reserva.<\/p>\n<p>Todos os epis\u00f3dios poder\u00e3o ser acompanhados tamb\u00e9m pelo Portal www.tve.ba.gov.br\/tveonline, ou no hor\u00e1rio alternativo aos s\u00e1bados, \u00e0s 19h30.<\/p>\n","protected":false},"excerpt":{"rendered":"<p>A s\u00e9rie \u2018Guateka\u2019 narra o cotidiano de quatro jovens ind\u00edgenas Guarani-Kaiow\u00e1, que formam um grupo de rap na aldeia Jaguapiru, no interior da Reserva Ind\u00edgena de Dourados, no Mato Grosso do Sul. Com cinco epis\u00f3dios, a produ\u00e7\u00e3o estreia no dia 4 de julho e ser\u00e1 exibida \u00e0s quintas-feiras, \u00e0s 22h30, na TVE Bahia. A maior [&hellip;]<\/p>\n","protected":false},"author":2,"featured_media":0,"comment_status":"open","ping_status":"open","sticky":false,"template":"","format":"standard","meta":{"_links_to":"","_links_to_target":""},"categories":[1],"tags":[24807,9247,24806],"_links":{"self":[{"href":"https:\/\/www.blogdothame.blog.br\/v1\/wp-json\/wp\/v2\/posts\/91929"}],"collection":[{"href":"https:\/\/www.blogdothame.blog.br\/v1\/wp-json\/wp\/v2\/posts"}],"about":[{"href":"https:\/\/www.blogdothame.blog.br\/v1\/wp-json\/wp\/v2\/types\/post"}],"author":[{"embeddable":true,"href":"https:\/\/www.blogdothame.blog.br\/v1\/wp-json\/wp\/v2\/users\/2"}],"replies":[{"embeddable":true,"href":"https:\/\/www.blogdothame.blog.br\/v1\/wp-json\/wp\/v2\/comments?post=91929"}],"version-history":[{"count":3,"href":"https:\/\/www.blogdothame.blog.br\/v1\/wp-json\/wp\/v2\/posts\/91929\/revisions"}],"predecessor-version":[{"id":91933,"href":"https:\/\/www.blogdothame.blog.br\/v1\/wp-json\/wp\/v2\/posts\/91929\/revisions\/91933"}],"wp:attachment":[{"href":"https:\/\/www.blogdothame.blog.br\/v1\/wp-json\/wp\/v2\/media?parent=91929"}],"wp:term":[{"taxonomy":"category","embeddable":true,"href":"https:\/\/www.blogdothame.blog.br\/v1\/wp-json\/wp\/v2\/categories?post=91929"},{"taxonomy":"post_tag","embeddable":true,"href":"https:\/\/www.blogdothame.blog.br\/v1\/wp-json\/wp\/v2\/tags?post=91929"}],"curies":[{"name":"wp","href":"https:\/\/api.w.org\/{rel}","templated":true}]}}