{"id":91915,"date":"2019-07-04T08:00:24","date_gmt":"2019-07-04T11:00:24","guid":{"rendered":"http:\/\/www.blogdothame.blog.br\/v1\/?p=91915"},"modified":"2019-07-03T14:45:55","modified_gmt":"2019-07-03T17:45:55","slug":"editus-no-chocolat-bahia-2019","status":"publish","type":"post","link":"https:\/\/www.blogdothame.blog.br\/v1\/2019\/07\/04\/editus-no-chocolat-bahia-2019\/","title":{"rendered":"Editus no  Chocolat Bahia 2019"},"content":{"rendered":"<p>A Editus \u2013 Editora da UESC marca presen\u00e7a no 11\u00ba Festival Internacional do Chocolate e Cacau, o Chocolat Bahia 2019, que acontece de 18 a 21 de julho no \u00a0Centro de Conven\u00e7\u00f5es de Ilh\u00e9us, Bahia. Considerado o maior evento de chocolate de origem do Brasil, o Festival conta com cursos, palestras, atividades culturais, workshops, al\u00e9m de uma grande feira e exposi\u00e7\u00e3o de produtos da cadeia produtiva do cacau.<\/p>\n<p>Na sexta (19), \u00e0s 16h, durante o VII F\u00f3rum Brasileiro do Cacau, o Prof. D\u00e1rio Ahnert (UESC), doutor em gen\u00e9tica e melhoramento vegetal e um dos autores do livro \u201cCacau: cultivo, pesquisa e inova\u00e7\u00e3o\u201d, publicado pela Editus, e Pedro Ronca (World Cocoa Foundation) v\u00e3o falar sobre \u201cProdutividade, efici\u00eancia e qualidade do Cacau\u201d. Ainda em debate, assuntos como cacauicultura no Brasil e no mundo, produ\u00e7\u00e3o de cacau fino, sustentabilidade e avan\u00e7os tecnol\u00f3gicos no setor.<\/p>\n<p><!--more--><\/p>\n<p>No s\u00e1bado (20), a Prof.\u00aa Maria Luiza Santos, autora de livros para o p\u00fablico adulto e infantojuvenil, estar\u00e1 no estande da Editus para uma conversa sobre migra\u00e7\u00e3o e ref\u00fagio, tema abordado em suas obras. Tem d\u00favidas sobre o assunto? Gostaria que seu filho entendesse melhor? Aparece l\u00e1! A programa\u00e7\u00e3o infantil do evento contar\u00e1 ainda com espa\u00e7os recreativos e minicursos dedicados a crian\u00e7as de cinco a 10 anos, todos os dias, das 16h \u00e0s 21h.<\/p>\n<p>A Feirinha de Livros e o Espa\u00e7o de Leitura da Editus tamb\u00e9m v\u00e3o funcionar durante todo o evento. Para mais informa\u00e7\u00f5es e inscri\u00e7\u00f5es em atividades, acesse https:\/\/bahia.chocolatfestival.com\/.<\/p>\n","protected":false},"excerpt":{"rendered":"<p>A Editus \u2013 Editora da UESC marca presen\u00e7a no 11\u00ba Festival Internacional do Chocolate e Cacau, o Chocolat Bahia 2019, que acontece de 18 a 21 de julho no \u00a0Centro de Conven\u00e7\u00f5es de Ilh\u00e9us, Bahia. Considerado o maior evento de chocolate de origem do Brasil, o Festival conta com cursos, palestras, atividades culturais, workshops, al\u00e9m [&hellip;]<\/p>\n","protected":false},"author":2,"featured_media":0,"comment_status":"open","ping_status":"open","sticky":false,"template":"","format":"standard","meta":{"_links_to":"","_links_to_target":""},"categories":[1],"tags":[24417,18818,508,218],"_links":{"self":[{"href":"https:\/\/www.blogdothame.blog.br\/v1\/wp-json\/wp\/v2\/posts\/91915"}],"collection":[{"href":"https:\/\/www.blogdothame.blog.br\/v1\/wp-json\/wp\/v2\/posts"}],"about":[{"href":"https:\/\/www.blogdothame.blog.br\/v1\/wp-json\/wp\/v2\/types\/post"}],"author":[{"embeddable":true,"href":"https:\/\/www.blogdothame.blog.br\/v1\/wp-json\/wp\/v2\/users\/2"}],"replies":[{"embeddable":true,"href":"https:\/\/www.blogdothame.blog.br\/v1\/wp-json\/wp\/v2\/comments?post=91915"}],"version-history":[{"count":3,"href":"https:\/\/www.blogdothame.blog.br\/v1\/wp-json\/wp\/v2\/posts\/91915\/revisions"}],"predecessor-version":[{"id":91918,"href":"https:\/\/www.blogdothame.blog.br\/v1\/wp-json\/wp\/v2\/posts\/91915\/revisions\/91918"}],"wp:attachment":[{"href":"https:\/\/www.blogdothame.blog.br\/v1\/wp-json\/wp\/v2\/media?parent=91915"}],"wp:term":[{"taxonomy":"category","embeddable":true,"href":"https:\/\/www.blogdothame.blog.br\/v1\/wp-json\/wp\/v2\/categories?post=91915"},{"taxonomy":"post_tag","embeddable":true,"href":"https:\/\/www.blogdothame.blog.br\/v1\/wp-json\/wp\/v2\/tags?post=91915"}],"curies":[{"name":"wp","href":"https:\/\/api.w.org\/{rel}","templated":true}]}}