{"id":90749,"date":"2019-05-31T14:30:24","date_gmt":"2019-05-31T17:30:24","guid":{"rendered":"http:\/\/www.blogdothame.blog.br\/v1\/?p=90749"},"modified":"2019-05-31T09:08:14","modified_gmt":"2019-05-31T12:08:14","slug":"mulheres-empreendedoras-debatem-sobre-solucoes-para-seus-negocios","status":"publish","type":"post","link":"https:\/\/www.blogdothame.blog.br\/v1\/2019\/05\/31\/mulheres-empreendedoras-debatem-sobre-solucoes-para-seus-negocios\/","title":{"rendered":"Mulheres empreendedoras debatem sobre solu\u00e7\u00f5es para seus neg\u00f3cios"},"content":{"rendered":"<p><img loading=\"lazy\" class=\"alignright  wp-image-90750\" src=\"http:\/\/www.blogdothame.blog.br\/v1\/wp-content\/uploads\/2019\/05\/Reuni\u00e3o-de-mulheres-empreendedoras-3.jpeg\" alt=\"Reuni\u00e3o de mulheres empreendedoras (3)\" width=\"407\" height=\"306\" srcset=\"https:\/\/www.blogdothame.blog.br\/v1\/wp-content\/uploads\/2019\/05\/Reuni\u00e3o-de-mulheres-empreendedoras-3.jpeg 1280w, https:\/\/www.blogdothame.blog.br\/v1\/wp-content\/uploads\/2019\/05\/Reuni\u00e3o-de-mulheres-empreendedoras-3-300x225.jpeg 300w, https:\/\/www.blogdothame.blog.br\/v1\/wp-content\/uploads\/2019\/05\/Reuni\u00e3o-de-mulheres-empreendedoras-3-1024x768.jpeg 1024w\" sizes=\"(max-width: 407px) 100vw, 407px\" \/>Um grupo de mulheres empreendedoras que est\u00e3o participando do Programa Empreender, se reuniram na sede da Associa\u00e7\u00e3o Comercial e Empresarial de Itabuna (ACI) para debater sobre os principais problemas que enfrentam em seus empreendimentos, com a perspectiva de encontrar as solu\u00e7\u00f5es em conjunto. A partir de uma metodologia espec\u00edfica, as mulheres fizeram um levantamento das principais dificuldades que atrapalham o desenvolvimento dos seus neg\u00f3cios. S\u00e3o problemas com a gest\u00e3o financeira dos neg\u00f3cios, ac\u00famulo de atividades, planejamento de metas, comunica\u00e7\u00e3o, dificuldades com a localiza\u00e7\u00e3o e o aluguel do espa\u00e7o.<\/p>\n<p>A busca pela solu\u00e7\u00e3o dessas necessidades \u00e9 o pr\u00f3ximo passo, segundo o consultor do programa, Valdemir Silva, que vai contar com a participa\u00e7\u00e3o de institui\u00e7\u00f5es parceiras, a exemplo do Sebrae, a partir da promo\u00e7\u00e3o de capacita\u00e7\u00f5es e orienta\u00e7\u00f5es para o empres\u00e1rio e os colaboradores. \u201cA ideia \u00e9 que elas compartilhem as suas realidades e possam, em conjunto, encontrar uma solu\u00e7\u00e3o para as demandas espec\u00edficas\u201d, relatou o consultor.<\/p>\n<p>O fortalecimento do n\u00facleo vai atender a necessidade da Federa\u00e7\u00e3o\u00a0das Associa\u00e7\u00f5es Comerciais e Empresariais da Bahia \u2013 Faceb, de formar uma c\u00e2mara de mulheres empreendedoras \u00e0 n\u00edvel estadual. Segundo uma das coordenadoras do programa, Herrietti Cedraz, ser\u00e3o escolhidas lideran\u00e7as de 10 munic\u00edpios que est\u00e3o trabalhando com o empreender. \u201cEssa C\u00e2mera vai funcionar como um term\u00f4metro, que busca as ideias e contribui com as comiss\u00f5es dos munic\u00edpios\u201d.<\/p>\n<p><!--more--><\/p>\n<p>Durante a reuni\u00e3o, a gerente regional do Sebrae, Claudiana Figueiredo, destacou a import\u00e2ncia da mulher na promo\u00e7\u00e3o da sociedade e no desenvolvimento de a\u00e7\u00f5es em conjunto para o crescimento dos neg\u00f3cios. Segundo ela, tem sido cada vez maior o n\u00famero de mulheres empreendedoras que precisam complementar renda da fam\u00edlia. \u201cHoje 50 % dos empreendedores s\u00e3o mulheres, que utilizam do empreendedorismo para complementar a renda\u201d.<\/p>\n<p>Objetivo<\/p>\n<p>O Programa Empreender tem a finalidade de facilitar a rela\u00e7\u00e3o empres\u00e1rio-fornecedor, melhorar a qualidade da empresa, incentivar o treinamento entre os colaboradores, al\u00e9m de gerar mais empregos e um aumento na renda das micro e pequenas empresas. Ao longo de um ano, o empres\u00e1rio tem acesso a uma consultoria gratuita sobre como melhorar a gest\u00e3o do seu neg\u00f3cio, a partir de a\u00e7\u00f5es espec\u00edficas voltadas para cada segmento de mercado.<\/p>\n<p>O projeto tem a parceria com a Federa\u00e7\u00e3o das Associa\u00e7\u00f5es Comerciais e Empresariais da Bahia \u2013 Faceb e o Servi\u00e7o Brasileiro de Apoio \u00e0s Micro e Pequenas Empresas \u2013 Sebrae, que atrav\u00e9s de uma metodologia espec\u00edfica, visa discutir as dificuldades das empresas do mesmo segmento e buscar solu\u00e7\u00f5es. Al\u00e9m do n\u00facleo de mulheres, est\u00e1 em andamento os n\u00facleos de Sal\u00e3o de Beleza, Padarias e Mercados.<\/p>\n<p>&nbsp;<\/p>\n","protected":false},"excerpt":{"rendered":"<p>Um grupo de mulheres empreendedoras que est\u00e3o participando do Programa Empreender, se reuniram na sede da Associa\u00e7\u00e3o Comercial e Empresarial de Itabuna (ACI) para debater sobre os principais problemas que enfrentam em seus empreendimentos, com a perspectiva de encontrar as solu\u00e7\u00f5es em conjunto. A partir de uma metodologia espec\u00edfica, as mulheres fizeram um levantamento das [&hellip;]<\/p>\n","protected":false},"author":2,"featured_media":0,"comment_status":"open","ping_status":"open","sticky":false,"template":"","format":"standard","meta":{"_links_to":"","_links_to_target":""},"categories":[1],"tags":[9426,12486,1549],"_links":{"self":[{"href":"https:\/\/www.blogdothame.blog.br\/v1\/wp-json\/wp\/v2\/posts\/90749"}],"collection":[{"href":"https:\/\/www.blogdothame.blog.br\/v1\/wp-json\/wp\/v2\/posts"}],"about":[{"href":"https:\/\/www.blogdothame.blog.br\/v1\/wp-json\/wp\/v2\/types\/post"}],"author":[{"embeddable":true,"href":"https:\/\/www.blogdothame.blog.br\/v1\/wp-json\/wp\/v2\/users\/2"}],"replies":[{"embeddable":true,"href":"https:\/\/www.blogdothame.blog.br\/v1\/wp-json\/wp\/v2\/comments?post=90749"}],"version-history":[{"count":1,"href":"https:\/\/www.blogdothame.blog.br\/v1\/wp-json\/wp\/v2\/posts\/90749\/revisions"}],"predecessor-version":[{"id":90751,"href":"https:\/\/www.blogdothame.blog.br\/v1\/wp-json\/wp\/v2\/posts\/90749\/revisions\/90751"}],"wp:attachment":[{"href":"https:\/\/www.blogdothame.blog.br\/v1\/wp-json\/wp\/v2\/media?parent=90749"}],"wp:term":[{"taxonomy":"category","embeddable":true,"href":"https:\/\/www.blogdothame.blog.br\/v1\/wp-json\/wp\/v2\/categories?post=90749"},{"taxonomy":"post_tag","embeddable":true,"href":"https:\/\/www.blogdothame.blog.br\/v1\/wp-json\/wp\/v2\/tags?post=90749"}],"curies":[{"name":"wp","href":"https:\/\/api.w.org\/{rel}","templated":true}]}}