{"id":90699,"date":"2019-05-31T08:03:19","date_gmt":"2019-05-31T11:03:19","guid":{"rendered":"http:\/\/www.blogdothame.blog.br\/v1\/?p=90699"},"modified":"2019-05-30T16:09:52","modified_gmt":"2019-05-30T19:09:52","slug":"ufsb-passa-a-integrar-rede-de-apoio-a-escritores-refugiados","status":"publish","type":"post","link":"https:\/\/www.blogdothame.blog.br\/v1\/2019\/05\/31\/ufsb-passa-a-integrar-rede-de-apoio-a-escritores-refugiados\/","title":{"rendered":"UFSB  integra rede de apoio a escritores refugiados"},"content":{"rendered":"<p>A reitora da Universidade Federal do Sul da Bahia (UFSB), professora Joana Ang\u00e9lica Guimar\u00e3es da Luz, assinou acordo de coopera\u00e7\u00e3o com a Rede Internacional de Cidades-Ref\u00fagio (ICORN, na sigla em Ingl\u00eas), representada pelo presidente do conselho da rede, Chris Gribble. O acordo faz da UFSB a segunda universidade do pa\u00eds a integrar a rede, tornando-se espa\u00e7o de ref\u00fagio e apoio para artistas, escritores e jornalistas perseguidos. A assinatura aconteceu na sess\u00e3o de abertura da assembleia geral da ICORN, em Roterd\u00e3 (Holanda).<\/p>\n<p><img loading=\"lazy\" class=\"aligncenter  wp-image-90700\" src=\"http:\/\/www.blogdothame.blog.br\/v1\/wp-content\/uploads\/2019\/05\/acordo_Ufsb_icorn_02.jpg\" alt=\"acordo_Ufsb_icorn_02\" width=\"376\" height=\"282\" srcset=\"https:\/\/www.blogdothame.blog.br\/v1\/wp-content\/uploads\/2019\/05\/acordo_Ufsb_icorn_02.jpg 900w, https:\/\/www.blogdothame.blog.br\/v1\/wp-content\/uploads\/2019\/05\/acordo_Ufsb_icorn_02-300x225.jpg 300w\" sizes=\"(max-width: 376px) 100vw, 376px\" \/><\/p>\n<p>O evento ocorre a cada dois anos e re\u00fane tamb\u00e9m a Associa\u00e7\u00e3o Internacional dos Escritores (PEN International), entidades respons\u00e1veis pela salvaguarda dos direitos civis de escritores, artistas, intelectuais e tamb\u00e9m jornalistas que estejam sendo perseguidos em fun\u00e7\u00e3o de seus trabalhos. O evento ocorre at\u00e9 hoje (31) e o tema deste ano \u00e9 &#8220;Em casa em todo lugar&#8221;.<\/p>\n<p><!--more--><\/p>\n<p>Um pouco da hist\u00f3ria dessa iniciativa<br \/>\nO escritor Salman Rushdie foi condenado \u00e0 morte no Ir\u00e3 em 1989, tornando-se o primeiro escritor a ser perseguido no mundo inteiro, alvo de a\u00e7\u00e3o condenat\u00f3ria de um pa\u00eds que n\u00e3o era o seu (o escritor tem dupla cidadania indiana e brit\u00e2nica). Anos mais tarde, o mundo testemunhou o assassinato de diversos escritores, intelectuais, jornalistas, soci\u00f3logos e professores de universidades na Arg\u00e9lia, v\u00edtimas de persegui\u00e7\u00e3o de grupos fundamentalistas. Em 1993, pela iniciativa do pr\u00f3prio Rushdie e outros 350 escritores, foi criado na Fran\u00e7a o Parlamento Internacional de Escritores (IPW), entidade voltada para denunciar persegui\u00e7\u00f5es pol\u00edticas e atentado contra os direitos humanos e de express\u00e3o dos escritores. Na oportunidade tamb\u00e9m foi lan\u00e7ado o Cities of Asylum Network (INCA), uma rede de apoio internacional a intelectuais perseguidos. O IPW foi dissolvido em 2003, mas a rede de apoio persistiu.<\/p>\n<p>A iniciativa se tornaria independente em 2006, quando a cidade de Stavanger (Noruega) criou uma organiza\u00e7\u00e3o internacional de s\u00f3cios com o objetivo de oferecer lares seguros a escritores v\u00edtimas de persegui\u00e7\u00e3o em seus pa\u00edses de origem. Foi criado, assim, o International Cities of Refuge Network (ICORN), uma organiza\u00e7\u00e3o independente de cidades e regi\u00f5es cujo objetivo \u00e9 oferecer abrigo a escritores e artistas em risco, garantindo liberdade de express\u00e3o, defendendo os valores democr\u00e1ticos e promovendo a solidariedade internacional.<br \/>\nConforme dados da Associa\u00e7\u00e3o Internacional dos Escritores (PEN International), em 2014 haviam cerca de 800 escritores perseguidos no mundo, havendo necessidade da rede ser expandida. Diversas organiza\u00e7\u00f5es do pa\u00eds e do exterior uniram-se e lan\u00e7aram o projeto Casas Brasileiras de Ref\u00fagio (CABRA), visando apoiar a cria\u00e7\u00e3o de casas de ref\u00fagio no Brasil, promovendo a liberdade de express\u00e3o e os direitos humanos. A CABRA promove a rede ICORN no Brasil, congregando as cidades brasileiras \u00e0s demais cidades ref\u00fagio para escritores, artistas e intelectuais perseguidos no mundo. A iniciativa foi divulgada em evento da UFSB relacionado aos 70 anos da Declara\u00e7\u00e3o Universal dos Direitos Humanos, em dezembro de 2018.<\/p>\n","protected":false},"excerpt":{"rendered":"<p>A reitora da Universidade Federal do Sul da Bahia (UFSB), professora Joana Ang\u00e9lica Guimar\u00e3es da Luz, assinou acordo de coopera\u00e7\u00e3o com a Rede Internacional de Cidades-Ref\u00fagio (ICORN, na sigla em Ingl\u00eas), representada pelo presidente do conselho da rede, Chris Gribble. O acordo faz da UFSB a segunda universidade do pa\u00eds a integrar a rede, tornando-se [&hellip;]<\/p>\n","protected":false},"author":2,"featured_media":0,"comment_status":"open","ping_status":"open","sticky":false,"template":"","format":"standard","meta":{"_links_to":"","_links_to_target":""},"categories":[1],"tags":[24541,9105,24539,24540,10264],"_links":{"self":[{"href":"https:\/\/www.blogdothame.blog.br\/v1\/wp-json\/wp\/v2\/posts\/90699"}],"collection":[{"href":"https:\/\/www.blogdothame.blog.br\/v1\/wp-json\/wp\/v2\/posts"}],"about":[{"href":"https:\/\/www.blogdothame.blog.br\/v1\/wp-json\/wp\/v2\/types\/post"}],"author":[{"embeddable":true,"href":"https:\/\/www.blogdothame.blog.br\/v1\/wp-json\/wp\/v2\/users\/2"}],"replies":[{"embeddable":true,"href":"https:\/\/www.blogdothame.blog.br\/v1\/wp-json\/wp\/v2\/comments?post=90699"}],"version-history":[{"count":2,"href":"https:\/\/www.blogdothame.blog.br\/v1\/wp-json\/wp\/v2\/posts\/90699\/revisions"}],"predecessor-version":[{"id":90719,"href":"https:\/\/www.blogdothame.blog.br\/v1\/wp-json\/wp\/v2\/posts\/90699\/revisions\/90719"}],"wp:attachment":[{"href":"https:\/\/www.blogdothame.blog.br\/v1\/wp-json\/wp\/v2\/media?parent=90699"}],"wp:term":[{"taxonomy":"category","embeddable":true,"href":"https:\/\/www.blogdothame.blog.br\/v1\/wp-json\/wp\/v2\/categories?post=90699"},{"taxonomy":"post_tag","embeddable":true,"href":"https:\/\/www.blogdothame.blog.br\/v1\/wp-json\/wp\/v2\/tags?post=90699"}],"curies":[{"name":"wp","href":"https:\/\/api.w.org\/{rel}","templated":true}]}}