{"id":90677,"date":"2019-05-30T04:15:29","date_gmt":"2019-05-30T07:15:29","guid":{"rendered":"http:\/\/www.blogdothame.blog.br\/v1\/?p=90677"},"modified":"2019-05-29T17:17:40","modified_gmt":"2019-05-29T20:17:40","slug":"cuba-autoriza-redes-privadas-de-conexao-a-internet","status":"publish","type":"post","link":"https:\/\/www.blogdothame.blog.br\/v1\/2019\/05\/30\/cuba-autoriza-redes-privadas-de-conexao-a-internet\/","title":{"rendered":"Cuba autoriza redes privadas de conex\u00e3o \u00e0 internet"},"content":{"rendered":"<p><strong><a href=\"https:\/\/br.sputniknews.com\/americas\/2019052913971978-cuba-lei-internet-conexao\/\" target=\"_blank\"><img loading=\"lazy\" class=\"alignleft size-medium wp-image-70772\" src=\"http:\/\/www.blogdothame.blog.br\/v1\/wp-content\/uploads\/2017\/12\/cuba-300x162.jpg\" alt=\"cuba\" width=\"300\" height=\"162\" srcset=\"https:\/\/www.blogdothame.blog.br\/v1\/wp-content\/uploads\/2017\/12\/cuba-300x162.jpg 300w, https:\/\/www.blogdothame.blog.br\/v1\/wp-content\/uploads\/2017\/12\/cuba.jpg 1000w\" sizes=\"(max-width: 300px) 100vw, 300px\" \/>Sputnik Brasil<\/a>\u00a0&#8211;\u00a0<\/strong>Cuba autorizou o uso de redes privadas para estabelecer conex\u00f5es remotas \u00e0 Internet. A decis\u00e3o foi tomada atrav\u00e9s de duas resolu\u00e7\u00f5es anunciadas no Di\u00e1rio Oficial da Uni\u00e3o que entrar\u00e3o em vigor a partir de 29 de julho. Os novos regulamentos, previstos nas resolu\u00e7\u00f5es 98 e 99 do Minist\u00e9rio das Comunica\u00e7\u00f5es de Cuba e publicados nesta quarta-feira no Di\u00e1rio Oficial da Uni\u00e3o, estabelecem autoriza\u00e7\u00f5es para o uso de conex\u00f5es entre redes privadas de dados.<\/p>\n<p>A vice-ministra das Comunica\u00e7\u00f5es cubana, Ana Julia Marine, anunciou durante uma coletiva de imprensa que estes novos regulamentos s\u00e3o planejados &#8220;para continuar o desenvolvimento da informatiza\u00e7\u00e3o da sociedade de uma forma ordenada e segura&#8221;. As pessoas f\u00edsicas ser\u00e3o autorizadas a se conectar via Wi-Fi, solicitando uma licen\u00e7a de opera\u00e7\u00e3o \u00e0 infraestrutura da operadora p\u00fablica da Companhia de Telecomunica\u00e7\u00f5es de Cuba (ETECSA).<\/p>\n<p>As novas medidas aplicadas pelo Minist\u00e9rio das Comunica\u00e7\u00f5es procuram desmantelar as redes ilegais de conex\u00e3o e evitar satura\u00e7\u00e3o, interfer\u00eancia ou degrada\u00e7\u00e3o nos servi\u00e7os p\u00fablicos.<\/p>\n","protected":false},"excerpt":{"rendered":"<p>Sputnik Brasil\u00a0&#8211;\u00a0Cuba autorizou o uso de redes privadas para estabelecer conex\u00f5es remotas \u00e0 Internet. A decis\u00e3o foi tomada atrav\u00e9s de duas resolu\u00e7\u00f5es anunciadas no Di\u00e1rio Oficial da Uni\u00e3o que entrar\u00e3o em vigor a partir de 29 de julho. Os novos regulamentos, previstos nas resolu\u00e7\u00f5es 98 e 99 do Minist\u00e9rio das Comunica\u00e7\u00f5es de Cuba e publicados [&hellip;]<\/p>\n","protected":false},"author":2,"featured_media":0,"comment_status":"open","ping_status":"open","sticky":false,"template":"","format":"standard","meta":{"_links_to":"","_links_to_target":""},"categories":[1],"tags":[30,24532],"_links":{"self":[{"href":"https:\/\/www.blogdothame.blog.br\/v1\/wp-json\/wp\/v2\/posts\/90677"}],"collection":[{"href":"https:\/\/www.blogdothame.blog.br\/v1\/wp-json\/wp\/v2\/posts"}],"about":[{"href":"https:\/\/www.blogdothame.blog.br\/v1\/wp-json\/wp\/v2\/types\/post"}],"author":[{"embeddable":true,"href":"https:\/\/www.blogdothame.blog.br\/v1\/wp-json\/wp\/v2\/users\/2"}],"replies":[{"embeddable":true,"href":"https:\/\/www.blogdothame.blog.br\/v1\/wp-json\/wp\/v2\/comments?post=90677"}],"version-history":[{"count":1,"href":"https:\/\/www.blogdothame.blog.br\/v1\/wp-json\/wp\/v2\/posts\/90677\/revisions"}],"predecessor-version":[{"id":90678,"href":"https:\/\/www.blogdothame.blog.br\/v1\/wp-json\/wp\/v2\/posts\/90677\/revisions\/90678"}],"wp:attachment":[{"href":"https:\/\/www.blogdothame.blog.br\/v1\/wp-json\/wp\/v2\/media?parent=90677"}],"wp:term":[{"taxonomy":"category","embeddable":true,"href":"https:\/\/www.blogdothame.blog.br\/v1\/wp-json\/wp\/v2\/categories?post=90677"},{"taxonomy":"post_tag","embeddable":true,"href":"https:\/\/www.blogdothame.blog.br\/v1\/wp-json\/wp\/v2\/tags?post=90677"}],"curies":[{"name":"wp","href":"https:\/\/api.w.org\/{rel}","templated":true}]}}