{"id":90669,"date":"2019-05-30T08:30:09","date_gmt":"2019-05-30T11:30:09","guid":{"rendered":"http:\/\/www.blogdothame.blog.br\/v1\/?p=90669"},"modified":"2019-05-29T17:04:52","modified_gmt":"2019-05-29T20:04:52","slug":"semana-do-mei-registra-mais-500-participantes-no-sul-da-bahia","status":"publish","type":"post","link":"https:\/\/www.blogdothame.blog.br\/v1\/2019\/05\/30\/semana-do-mei-registra-mais-500-participantes-no-sul-da-bahia\/","title":{"rendered":"Semana do MEI registra mais 500 participantes no Sul da Bahia"},"content":{"rendered":"<p><img loading=\"lazy\" class=\"alignleft size-medium wp-image-90671\" src=\"http:\/\/www.blogdothame.blog.br\/v1\/wp-content\/uploads\/2019\/05\/FOTO-MAURICIO-MARON-6-300x169.jpeg\" alt=\"FOTO MAURICIO MARON (6)\" width=\"300\" height=\"169\" srcset=\"https:\/\/www.blogdothame.blog.br\/v1\/wp-content\/uploads\/2019\/05\/FOTO-MAURICIO-MARON-6-300x169.jpeg 300w, https:\/\/www.blogdothame.blog.br\/v1\/wp-content\/uploads\/2019\/05\/FOTO-MAURICIO-MARON-6-1024x578.jpeg 1024w, https:\/\/www.blogdothame.blog.br\/v1\/wp-content\/uploads\/2019\/05\/FOTO-MAURICIO-MARON-6.jpeg 1078w\" sizes=\"(max-width: 300px) 100vw, 300px\" \/>A Semana do Microempreendedor Individual (MEI), realizada pelo Sebrae em todo o Brasil, rendeu 320 eventos que aconteceram em 99 cidades em todo o estado. Ao todo, foram 31,7 mil inscritos e mais de 70 mil acessos ao site para cursos online. No Sul da Bahia, o Sebrae atendeu 563 participantes nas \u00e1reas de gest\u00e3o, inova\u00e7\u00e3o e finan\u00e7as, e realizou 154 orienta\u00e7\u00f5es relacionadas \u00e0s obriga\u00e7\u00f5es e benef\u00edcios do MEI.<\/p>\n<p>&nbsp;<\/p>\n<p>De acordo como gerente adjunto do Sebrae, Michel Lima, a maioria dos participantes se envolveu em mais de duas capacita\u00e7\u00f5es, principalmente em tem\u00e1ticas relacionadas a vendas e m\u00eddias digitais. \u201cIsso mostra a vontade e o engajamento do MEI em se qualificar para melhorar a gest\u00e3o do neg\u00f3cio\u201d, constatou.<\/p>\n<p>Em Ilh\u00e9us, a ades\u00e3o maior foi para os cursos da \u00e1rea de administra\u00e7\u00e3o financeira do neg\u00f3cio, como: Sei Controlar meu Dinheiro e Sei Formar Pre\u00e7o, bem como para a oficina de conscientiza\u00e7\u00e3o para um bom atendimento. Para o analista da institui\u00e7\u00e3o, Lucas Guerra, \u201cfoi grande o n\u00famero de empreendedores interessados em profissionalizar e de crescer o pr\u00f3prio neg\u00f3cio\u201d.<\/p>\n<p>&nbsp;<\/p>\n<p><!--more--><\/p>\n<p><img loading=\"lazy\" class=\"alignright size-medium wp-image-90672\" src=\"http:\/\/www.blogdothame.blog.br\/v1\/wp-content\/uploads\/2019\/05\/FOTO-MAURICIO-MARON-19-300x169.jpeg\" alt=\"FOTO MAURICIO MARON (19)\" width=\"300\" height=\"169\" srcset=\"https:\/\/www.blogdothame.blog.br\/v1\/wp-content\/uploads\/2019\/05\/FOTO-MAURICIO-MARON-19-300x169.jpeg 300w, https:\/\/www.blogdothame.blog.br\/v1\/wp-content\/uploads\/2019\/05\/FOTO-MAURICIO-MARON-19-1024x578.jpeg 1024w, https:\/\/www.blogdothame.blog.br\/v1\/wp-content\/uploads\/2019\/05\/FOTO-MAURICIO-MARON-19.jpeg 1078w\" sizes=\"(max-width: 300px) 100vw, 300px\" \/>A empreendedora Raquel Carvalho Duarte, do restaurante Praia da Bica, participou de todas as atividades em Ilh\u00e9us, que deram um impulsionamento na administra\u00e7\u00e3o do seu neg\u00f3cio. \u201cIsso foi fundamental, me deu um entusiasmos muito grande para administrar a minha empresa. Me abriu os horizontes, dando o foco nos meus neg\u00f3cios e com uma vontade muito grande de mudar o rumo da minha empresa\u201d, relatou.<\/p>\n<p>Al\u00e9m das cidades de Itabuna e Ilh\u00e9us, 19 capacita\u00e7\u00f5es aconteceram em Uru\u00e7uca, Camacan, Itaju\u00edpe, Itacar\u00e9 e Serra Grande. Para o secret\u00e1rio de Desenvolvimento Econ\u00f4mico de Itaju\u00edpe, Vinycius Guimar\u00e3es, a Semana do MEI proporcionou uma maior qualifica\u00e7\u00e3o dos profissionais ambulantes que ir\u00e3o trabalhar no Mica Pedro dos Lagos, que acontecer\u00e1 nos dias 29 e 30 de junho e 01 de julho, na cidade.<\/p>\n<p>\u201cCom o apoio do Sebrae, qualificamos as pessoas do com\u00e9rcio ambulante, que ir\u00e3o trabalhar na festividade. Tivemos temas como manipula\u00e7\u00e3o de alimentos, higieniza\u00e7\u00e3o, a qualifica\u00e7\u00e3o e a padroniza\u00e7\u00e3o do profissional, e finalizamos com um evento fazendo com as pessoas utilizem melhores ferramentas, principalmente de tecnologia, a exemplo das redes sociais para que eles consigam alavancar seus neg\u00f3cios\u201d, disse.<\/p>\n<p>&nbsp;<\/p>\n","protected":false},"excerpt":{"rendered":"<p>A Semana do Microempreendedor Individual (MEI), realizada pelo Sebrae em todo o Brasil, rendeu 320 eventos que aconteceram em 99 cidades em todo o estado. Ao todo, foram 31,7 mil inscritos e mais de 70 mil acessos ao site para cursos online. No Sul da Bahia, o Sebrae atendeu 563 participantes nas \u00e1reas de gest\u00e3o, [&hellip;]<\/p>\n","protected":false},"author":2,"featured_media":0,"comment_status":"open","ping_status":"open","sticky":false,"template":"","format":"standard","meta":{"_links_to":"","_links_to_target":""},"categories":[1],"tags":[1549,21550,185],"_links":{"self":[{"href":"https:\/\/www.blogdothame.blog.br\/v1\/wp-json\/wp\/v2\/posts\/90669"}],"collection":[{"href":"https:\/\/www.blogdothame.blog.br\/v1\/wp-json\/wp\/v2\/posts"}],"about":[{"href":"https:\/\/www.blogdothame.blog.br\/v1\/wp-json\/wp\/v2\/types\/post"}],"author":[{"embeddable":true,"href":"https:\/\/www.blogdothame.blog.br\/v1\/wp-json\/wp\/v2\/users\/2"}],"replies":[{"embeddable":true,"href":"https:\/\/www.blogdothame.blog.br\/v1\/wp-json\/wp\/v2\/comments?post=90669"}],"version-history":[{"count":3,"href":"https:\/\/www.blogdothame.blog.br\/v1\/wp-json\/wp\/v2\/posts\/90669\/revisions"}],"predecessor-version":[{"id":90674,"href":"https:\/\/www.blogdothame.blog.br\/v1\/wp-json\/wp\/v2\/posts\/90669\/revisions\/90674"}],"wp:attachment":[{"href":"https:\/\/www.blogdothame.blog.br\/v1\/wp-json\/wp\/v2\/media?parent=90669"}],"wp:term":[{"taxonomy":"category","embeddable":true,"href":"https:\/\/www.blogdothame.blog.br\/v1\/wp-json\/wp\/v2\/categories?post=90669"},{"taxonomy":"post_tag","embeddable":true,"href":"https:\/\/www.blogdothame.blog.br\/v1\/wp-json\/wp\/v2\/tags?post=90669"}],"curies":[{"name":"wp","href":"https:\/\/api.w.org\/{rel}","templated":true}]}}