{"id":90639,"date":"2019-05-29T17:00:23","date_gmt":"2019-05-29T20:00:23","guid":{"rendered":"http:\/\/www.blogdothame.blog.br\/v1\/?p=90639"},"modified":"2019-05-29T14:44:36","modified_gmt":"2019-05-29T17:44:36","slug":"comissao-de-acompanhamento-aponta-avanco-na-construcao-da-nova-ponte-ilheus-pontal","status":"publish","type":"post","link":"https:\/\/www.blogdothame.blog.br\/v1\/2019\/05\/29\/comissao-de-acompanhamento-aponta-avanco-na-construcao-da-nova-ponte-ilheus-pontal\/","title":{"rendered":"Comiss\u00e3o de acompanhamento aponta avan\u00e7o  na constru\u00e7\u00e3o da nova ponte Ilh\u00e9us-Pontal"},"content":{"rendered":"<p><img loading=\"lazy\" class=\"aligncenter  wp-image-90641\" src=\"http:\/\/www.blogdothame.blog.br\/v1\/wp-content\/uploads\/2019\/05\/ponte-1.jpg\" alt=\"DCIM100MEDIADJI_0118.JPG\" width=\"551\" height=\"310\" srcset=\"https:\/\/www.blogdothame.blog.br\/v1\/wp-content\/uploads\/2019\/05\/ponte-1.jpg 900w, https:\/\/www.blogdothame.blog.br\/v1\/wp-content\/uploads\/2019\/05\/ponte-1-300x169.jpg 300w\" sizes=\"(max-width: 551px) 100vw, 551px\" \/><\/p>\n<p>A\u00a0 comiss\u00e3o de acompanhamento da obra da nova ponte de Ilh\u00e9us, a primeira estaiada da Bahia, que est\u00e1 sendo construida pelo Governo da Bahia,\u00a0 reuniu-se mais uma vez,\u00a0 no Centro Administrativo, para avaliar o avan\u00e7o da constru\u00e7\u00e3o, conclus\u00e3o da concretagem das laterais, finaliza\u00e7\u00e3o da terraplanagem do sistema vi\u00e1rio norte e sul, constru\u00e7\u00e3o de escada e rampa de acesso. Segundo os engenheiros da OAS, a empresa prev\u00ea o in\u00edcio da pavimenta\u00e7\u00e3o para agosto.<\/p>\n<p>Durante o nono encontro, foram tratadas as renova\u00e7\u00f5es das licen\u00e7as ambientais, a exemplo da licen\u00e7a do Enrocamento na \u00e1rea do S\u00e3o Domingos, localidade situada \u00e0 zona norte de Ilh\u00e9us. Al\u00e9m disso, os membros avalizaram o andamento dos processos na Secretaria de Infraestrutura, Servi\u00e7os P\u00fablicos e Transportes (Seinfra), atrav\u00e9s da Superintend\u00eancia de Infraestrutura de Transportes da Bahia (SIT).<\/p>\n<p><img loading=\"lazy\" class=\"alignleft size-medium wp-image-90640\" src=\"http:\/\/www.blogdothame.blog.br\/v1\/wp-content\/uploads\/2019\/05\/Reuni\u00e3o-da-comiss\u00e3o-de-acompanhamento-da-nova-ponte-Foto-Rodrigo-Macedo-300x169.jpeg\" alt=\"Reuni\u00e3o da comiss\u00e3o de acompanhamento da nova ponte - Foto Rodrigo Macedo\" width=\"300\" height=\"169\" srcset=\"https:\/\/www.blogdothame.blog.br\/v1\/wp-content\/uploads\/2019\/05\/Reuni\u00e3o-da-comiss\u00e3o-de-acompanhamento-da-nova-ponte-Foto-Rodrigo-Macedo-300x169.jpeg 300w, https:\/\/www.blogdothame.blog.br\/v1\/wp-content\/uploads\/2019\/05\/Reuni\u00e3o-da-comiss\u00e3o-de-acompanhamento-da-nova-ponte-Foto-Rodrigo-Macedo-1024x576.jpeg 1024w, https:\/\/www.blogdothame.blog.br\/v1\/wp-content\/uploads\/2019\/05\/Reuni\u00e3o-da-comiss\u00e3o-de-acompanhamento-da-nova-ponte-Foto-Rodrigo-Macedo.jpeg 1080w\" sizes=\"(max-width: 300px) 100vw, 300px\" \/>Na ocasi\u00e3o, a pesquisadora da Universidade Estadual de Santa Cruz (Uesc), professora doutora em Zoologia, Erminda Couto, apresentou implanta\u00e7\u00e3o da metodologia que ser\u00e1 desenvolvida no estudo de monitora\u00e7\u00e3o da Qualidade da \u00c1gua e Biota Bent\u00f4nica na \u00e1rea de influ\u00eancia da constru\u00e7\u00e3o do equipamento, com objetivos de classificar a massa d\u2019\u00e1gua no entorno da nova ponte.<\/p>\n<p>O vice-prefeito de Ilh\u00e9us e membro da comiss\u00e3o, Jos\u00e9 Nazal Soub, lembrou que no in\u00edcio de maio, a empresa colocou os dois primeiros v\u00e3os com o estai, e prev\u00ea a coloca\u00e7\u00e3o de mais dois at\u00e9 o final do m\u00eas. \u201cHouve avan\u00e7o no projeto de qualidade das \u00e1guas com impacto da ponte, realizado pela Uesc. Contudo, ainda falta apresentar o projeto de reutiliza\u00e7\u00e3o das pedras usadas na obra, e tamb\u00e9m o projeto de urbaniza\u00e7\u00e3o do entorno vi\u00e1rio do setor sul\u201d.<\/p>\n<p>Al\u00e9m do vice-prefeito, participaram da reuni\u00e3o, representantes da SIT\/Seinfra, Rui Brand\u00e3o e Ana Maria Lima; engenheiros e t\u00e9cnicos da OAS; Uesc, Associa\u00e7\u00e3o Comercial de Ilh\u00e9us e imprensa local.<\/p>\n","protected":false},"excerpt":{"rendered":"<p>A\u00a0 comiss\u00e3o de acompanhamento da obra da nova ponte de Ilh\u00e9us, a primeira estaiada da Bahia, que est\u00e1 sendo construida pelo Governo da Bahia,\u00a0 reuniu-se mais uma vez,\u00a0 no Centro Administrativo, para avaliar o avan\u00e7o da constru\u00e7\u00e3o, conclus\u00e3o da concretagem das laterais, finaliza\u00e7\u00e3o da terraplanagem do sistema vi\u00e1rio norte e sul, constru\u00e7\u00e3o de escada e [&hellip;]<\/p>\n","protected":false},"author":2,"featured_media":0,"comment_status":"open","ping_status":"open","sticky":false,"template":"","format":"standard","meta":{"_links_to":"","_links_to_target":""},"categories":[1],"tags":[24523,16,5296,199],"_links":{"self":[{"href":"https:\/\/www.blogdothame.blog.br\/v1\/wp-json\/wp\/v2\/posts\/90639"}],"collection":[{"href":"https:\/\/www.blogdothame.blog.br\/v1\/wp-json\/wp\/v2\/posts"}],"about":[{"href":"https:\/\/www.blogdothame.blog.br\/v1\/wp-json\/wp\/v2\/types\/post"}],"author":[{"embeddable":true,"href":"https:\/\/www.blogdothame.blog.br\/v1\/wp-json\/wp\/v2\/users\/2"}],"replies":[{"embeddable":true,"href":"https:\/\/www.blogdothame.blog.br\/v1\/wp-json\/wp\/v2\/comments?post=90639"}],"version-history":[{"count":1,"href":"https:\/\/www.blogdothame.blog.br\/v1\/wp-json\/wp\/v2\/posts\/90639\/revisions"}],"predecessor-version":[{"id":90642,"href":"https:\/\/www.blogdothame.blog.br\/v1\/wp-json\/wp\/v2\/posts\/90639\/revisions\/90642"}],"wp:attachment":[{"href":"https:\/\/www.blogdothame.blog.br\/v1\/wp-json\/wp\/v2\/media?parent=90639"}],"wp:term":[{"taxonomy":"category","embeddable":true,"href":"https:\/\/www.blogdothame.blog.br\/v1\/wp-json\/wp\/v2\/categories?post=90639"},{"taxonomy":"post_tag","embeddable":true,"href":"https:\/\/www.blogdothame.blog.br\/v1\/wp-json\/wp\/v2\/tags?post=90639"}],"curies":[{"name":"wp","href":"https:\/\/api.w.org\/{rel}","templated":true}]}}