{"id":90632,"date":"2019-05-29T15:00:47","date_gmt":"2019-05-29T18:00:47","guid":{"rendered":"http:\/\/www.blogdothame.blog.br\/v1\/?p=90632"},"modified":"2019-05-29T13:15:07","modified_gmt":"2019-05-29T16:15:07","slug":"itabuna-tera-exposicao-dos-microempreendedores","status":"publish","type":"post","link":"https:\/\/www.blogdothame.blog.br\/v1\/2019\/05\/29\/itabuna-tera-exposicao-dos-microempreendedores\/","title":{"rendered":"Itabuna ter\u00e1 Exposi\u00e7\u00e3o dos Microempreendedores"},"content":{"rendered":"<p><img loading=\"lazy\" class=\"alignright size-medium wp-image-84409\" src=\"http:\/\/www.blogdothame.blog.br\/v1\/wp-content\/uploads\/2018\/12\/itabuna-a\u00e9rea-300x165.jpg\" alt=\"itabuna a\u00e9rea\" width=\"300\" height=\"165\" srcset=\"https:\/\/www.blogdothame.blog.br\/v1\/wp-content\/uploads\/2018\/12\/itabuna-a\u00e9rea-300x165.jpg 300w, https:\/\/www.blogdothame.blog.br\/v1\/wp-content\/uploads\/2018\/12\/itabuna-a\u00e9rea.jpg 680w\" sizes=\"(max-width: 300px) 100vw, 300px\" \/>A Pra\u00e7a Camac\u00e3 em Itabuna ser\u00e1 o palco da 1\u00aa. Expomei &#8211; Exposi\u00e7\u00e3o dos Microempreendedores a ser promovida pela Sala do Empreendedor da Secretaria de Sustentabilidade Econ\u00f4mica e Meio Ambiente da Prefeitura. O evento acontecer\u00e1 nos dias 5, 6 e 7 de junho pr\u00f3ximo e durante esses tr\u00eas dias, os participantes ter\u00e3o oportunidade de mostrar, divulgar e comercializar seus produtos e servi\u00e7os das mais diversas modalidades, ao grande p\u00fablico que circula diariamente naquela \u00e1rea.<\/p>\n<p>A exposi\u00e7\u00e3o que ficar\u00e1 aberta das 9h da manh\u00e3 \u00e0s 14h, tem como finalidade mostrar produtos tais como vestu\u00e1rios masculino e feminino, moda fitness, alimentos artesanais, cosm\u00e9ticos e perfumaria, juju gourmet, massas e pizzas, confeitaria entre outros. Pretende tamb\u00e9m, informar aos consumidores sobre a variedade de servi\u00e7os que eles prestam e que est\u00e3o \u00e0 disposi\u00e7\u00e3o da comunidade.<\/p>\n<p>A agente de Desenvolvimento da Secretaria Sustentabilidade Econ\u00f4mica, Priscila Nascimento, informou que al\u00e9m da divulga\u00e7\u00e3o da gama de produtos e servi\u00e7os ofertados pelos expositores a Expomei visa movimentar a economia local \u201cincentivar a produ\u00e7\u00e3o e a diversifica\u00e7\u00e3o e contribuir para aumentar a venda de produtos dos pequenos empreendedores de Itabuna\u201d.<\/p>\n<p>Priscila informou ainda que durante o evento, a equipe da Sala do Empreendedor estar\u00e1 presente para atendimento ao p\u00fablico, seja para orientar,\u00a0 esclarecer d\u00favidas ou encaminhamento de acordo com a necessidade de cada.<\/p>\n","protected":false},"excerpt":{"rendered":"<p>A Pra\u00e7a Camac\u00e3 em Itabuna ser\u00e1 o palco da 1\u00aa. Expomei &#8211; Exposi\u00e7\u00e3o dos Microempreendedores a ser promovida pela Sala do Empreendedor da Secretaria de Sustentabilidade Econ\u00f4mica e Meio Ambiente da Prefeitura. O evento acontecer\u00e1 nos dias 5, 6 e 7 de junho pr\u00f3ximo e durante esses tr\u00eas dias, os participantes ter\u00e3o oportunidade de mostrar, [&hellip;]<\/p>\n","protected":false},"author":2,"featured_media":0,"comment_status":"open","ping_status":"open","sticky":false,"template":"","format":"standard","meta":{"_links_to":"","_links_to_target":""},"categories":[1],"tags":[24521,39],"_links":{"self":[{"href":"https:\/\/www.blogdothame.blog.br\/v1\/wp-json\/wp\/v2\/posts\/90632"}],"collection":[{"href":"https:\/\/www.blogdothame.blog.br\/v1\/wp-json\/wp\/v2\/posts"}],"about":[{"href":"https:\/\/www.blogdothame.blog.br\/v1\/wp-json\/wp\/v2\/types\/post"}],"author":[{"embeddable":true,"href":"https:\/\/www.blogdothame.blog.br\/v1\/wp-json\/wp\/v2\/users\/2"}],"replies":[{"embeddable":true,"href":"https:\/\/www.blogdothame.blog.br\/v1\/wp-json\/wp\/v2\/comments?post=90632"}],"version-history":[{"count":3,"href":"https:\/\/www.blogdothame.blog.br\/v1\/wp-json\/wp\/v2\/posts\/90632\/revisions"}],"predecessor-version":[{"id":90635,"href":"https:\/\/www.blogdothame.blog.br\/v1\/wp-json\/wp\/v2\/posts\/90632\/revisions\/90635"}],"wp:attachment":[{"href":"https:\/\/www.blogdothame.blog.br\/v1\/wp-json\/wp\/v2\/media?parent=90632"}],"wp:term":[{"taxonomy":"category","embeddable":true,"href":"https:\/\/www.blogdothame.blog.br\/v1\/wp-json\/wp\/v2\/categories?post=90632"},{"taxonomy":"post_tag","embeddable":true,"href":"https:\/\/www.blogdothame.blog.br\/v1\/wp-json\/wp\/v2\/tags?post=90632"}],"curies":[{"name":"wp","href":"https:\/\/api.w.org\/{rel}","templated":true}]}}