{"id":90601,"date":"2019-05-29T10:06:05","date_gmt":"2019-05-29T13:06:05","guid":{"rendered":"http:\/\/www.blogdothame.blog.br\/v1\/?p=90601"},"modified":"2019-05-28T16:14:27","modified_gmt":"2019-05-28T19:14:27","slug":"una-tera-feira-de-mudas-da-biofabrica","status":"publish","type":"post","link":"https:\/\/www.blogdothame.blog.br\/v1\/2019\/05\/29\/una-tera-feira-de-mudas-da-biofabrica\/","title":{"rendered":"Una ter\u00e1 Feira de Mudas da Biof\u00e1brica"},"content":{"rendered":"<p><img loading=\"lazy\" class=\"alignleft size-medium wp-image-90602\" src=\"http:\/\/www.blogdothame.blog.br\/v1\/wp-content\/uploads\/2019\/05\/mudas-300x225.jpg\" alt=\"mudas\" width=\"300\" height=\"225\" srcset=\"https:\/\/www.blogdothame.blog.br\/v1\/wp-content\/uploads\/2019\/05\/mudas-300x225.jpg 300w, https:\/\/www.blogdothame.blog.br\/v1\/wp-content\/uploads\/2019\/05\/mudas-1024x768.jpg 1024w, https:\/\/www.blogdothame.blog.br\/v1\/wp-content\/uploads\/2019\/05\/mudas.jpg 1280w\" sizes=\"(max-width: 300px) 100vw, 300px\" \/>A Feira de Mudas da Biof\u00e1brica chega na pr\u00f3xima sexta-feira\u00a0(31) ao munic\u00edpio de Una, no Territ\u00f3rio Litoral Sul da Bahia. O stand contar\u00e1 com mudas de cacau clonal, abacaxi, graviola, a\u00e7a\u00ed, cupua\u00e7u, entre outras fruteiras, al\u00e9m de orqu\u00eddeas e mud\u00f5es de ess\u00eancias florestais, como ip\u00ea, quaresmeira e jatob\u00e1.<\/p>\n<p>A feira, promovida pela Biof\u00e1brica de Cacau, estar\u00e1 das 8h \u00e0s 12h na Pra\u00e7a Doutor Manoel Pereira de Almeida, no centro da cidade. A a\u00e7\u00e3o conta com o apoio do Governo da Bahia, por meio da Secretaria de Desenvolvimento Rural (SDR) e da Secretaria da Agricultura, Pecu\u00e1ria, Irriga\u00e7\u00e3o, Reforma Agr\u00e1ria, Pesca e Aq\u00fcicultura (Seagri), e da Prefeitura de Una.<\/p>\n<p>Al\u00e9m do reconhecido padr\u00e3o de qualidade \u2013 altamente produtivas, resistentes a doen\u00e7as como vassoura-de-bruxa, entre outras vantagens, as mudas t\u00eam pre\u00e7os diferenciados, a partir de R$ 1,40.<\/p>\n","protected":false},"excerpt":{"rendered":"<p>A Feira de Mudas da Biof\u00e1brica chega na pr\u00f3xima sexta-feira\u00a0(31) ao munic\u00edpio de Una, no Territ\u00f3rio Litoral Sul da Bahia. O stand contar\u00e1 com mudas de cacau clonal, abacaxi, graviola, a\u00e7a\u00ed, cupua\u00e7u, entre outras fruteiras, al\u00e9m de orqu\u00eddeas e mud\u00f5es de ess\u00eancias florestais, como ip\u00ea, quaresmeira e jatob\u00e1. A feira, promovida pela Biof\u00e1brica de Cacau, [&hellip;]<\/p>\n","protected":false},"author":2,"featured_media":0,"comment_status":"open","ping_status":"open","sticky":false,"template":"","format":"standard","meta":{"_links_to":"","_links_to_target":""},"categories":[1],"tags":[23471,185,955],"_links":{"self":[{"href":"https:\/\/www.blogdothame.blog.br\/v1\/wp-json\/wp\/v2\/posts\/90601"}],"collection":[{"href":"https:\/\/www.blogdothame.blog.br\/v1\/wp-json\/wp\/v2\/posts"}],"about":[{"href":"https:\/\/www.blogdothame.blog.br\/v1\/wp-json\/wp\/v2\/types\/post"}],"author":[{"embeddable":true,"href":"https:\/\/www.blogdothame.blog.br\/v1\/wp-json\/wp\/v2\/users\/2"}],"replies":[{"embeddable":true,"href":"https:\/\/www.blogdothame.blog.br\/v1\/wp-json\/wp\/v2\/comments?post=90601"}],"version-history":[{"count":1,"href":"https:\/\/www.blogdothame.blog.br\/v1\/wp-json\/wp\/v2\/posts\/90601\/revisions"}],"predecessor-version":[{"id":90603,"href":"https:\/\/www.blogdothame.blog.br\/v1\/wp-json\/wp\/v2\/posts\/90601\/revisions\/90603"}],"wp:attachment":[{"href":"https:\/\/www.blogdothame.blog.br\/v1\/wp-json\/wp\/v2\/media?parent=90601"}],"wp:term":[{"taxonomy":"category","embeddable":true,"href":"https:\/\/www.blogdothame.blog.br\/v1\/wp-json\/wp\/v2\/categories?post=90601"},{"taxonomy":"post_tag","embeddable":true,"href":"https:\/\/www.blogdothame.blog.br\/v1\/wp-json\/wp\/v2\/tags?post=90601"}],"curies":[{"name":"wp","href":"https:\/\/api.w.org\/{rel}","templated":true}]}}