{"id":90589,"date":"2019-05-28T14:57:38","date_gmt":"2019-05-28T17:57:38","guid":{"rendered":"http:\/\/www.blogdothame.blog.br\/v1\/?p=90589"},"modified":"2019-05-28T14:57:38","modified_gmt":"2019-05-28T17:57:38","slug":"rui-costa-conversa-ao-vivo-com-internautas","status":"publish","type":"post","link":"https:\/\/www.blogdothame.blog.br\/v1\/2019\/05\/28\/rui-costa-conversa-ao-vivo-com-internautas\/","title":{"rendered":"Rui Costa conversa ao vivo com internautas"},"content":{"rendered":"<p>&nbsp;<\/p>\n<p><img loading=\"lazy\" class=\"alignleft size-medium wp-image-87711\" src=\"http:\/\/www.blogdothame.blog.br\/v1\/wp-content\/uploads\/2019\/03\/rui-papo-correria-300x200.jpg\" alt=\"rui papo correria\" width=\"300\" height=\"200\" srcset=\"https:\/\/www.blogdothame.blog.br\/v1\/wp-content\/uploads\/2019\/03\/rui-papo-correria-300x200.jpg 300w, https:\/\/www.blogdothame.blog.br\/v1\/wp-content\/uploads\/2019\/03\/rui-papo-correria-1024x682.jpg 1024w, https:\/\/www.blogdothame.blog.br\/v1\/wp-content\/uploads\/2019\/03\/rui-papo-correria.jpg 1280w\" sizes=\"(max-width: 300px) 100vw, 300px\" \/><\/p>\n<p>Em virtude da participa\u00e7\u00e3o do governador Rui Costa no F\u00f3rum PPPs e Concess\u00f5es, o realizado nesta ter\u00e7a-feira (28), em S\u00e3o Paulo, o #PapoCorreria desta semana ser\u00e1 transmitido ao vivo nesta quarta-feira (29), \u00e0s 12h, nas redes sociais do governador. No programa, Rui vai responder perguntas dos internautas e falar sobre esta e outras agendas da semana.<\/p>\n<p>O F\u00f3rum PPPs e Concess\u00f5es \u00e9 um encontro nacional que re\u00fane governadores e empres\u00e1rios para discutir as oportunidades de parcerias p\u00fablico-privadas nos Estados. Rui apresentou as PPPs baianas, como o Hospital do Sub\u00farbio e a Fonte Nova, e defendeu uma maior participa\u00e7\u00e3o da Uni\u00e3o como garantidora dos contratos de PPPs.<\/p>\n","protected":false},"excerpt":{"rendered":"<p>&nbsp; Em virtude da participa\u00e7\u00e3o do governador Rui Costa no F\u00f3rum PPPs e Concess\u00f5es, o realizado nesta ter\u00e7a-feira (28), em S\u00e3o Paulo, o #PapoCorreria desta semana ser\u00e1 transmitido ao vivo nesta quarta-feira (29), \u00e0s 12h, nas redes sociais do governador. No programa, Rui vai responder perguntas dos internautas e falar sobre esta e outras agendas [&hellip;]<\/p>\n","protected":false},"author":2,"featured_media":0,"comment_status":"open","ping_status":"open","sticky":false,"template":"","format":"standard","meta":{"_links_to":"","_links_to_target":""},"categories":[1],"tags":[],"_links":{"self":[{"href":"https:\/\/www.blogdothame.blog.br\/v1\/wp-json\/wp\/v2\/posts\/90589"}],"collection":[{"href":"https:\/\/www.blogdothame.blog.br\/v1\/wp-json\/wp\/v2\/posts"}],"about":[{"href":"https:\/\/www.blogdothame.blog.br\/v1\/wp-json\/wp\/v2\/types\/post"}],"author":[{"embeddable":true,"href":"https:\/\/www.blogdothame.blog.br\/v1\/wp-json\/wp\/v2\/users\/2"}],"replies":[{"embeddable":true,"href":"https:\/\/www.blogdothame.blog.br\/v1\/wp-json\/wp\/v2\/comments?post=90589"}],"version-history":[{"count":1,"href":"https:\/\/www.blogdothame.blog.br\/v1\/wp-json\/wp\/v2\/posts\/90589\/revisions"}],"predecessor-version":[{"id":90590,"href":"https:\/\/www.blogdothame.blog.br\/v1\/wp-json\/wp\/v2\/posts\/90589\/revisions\/90590"}],"wp:attachment":[{"href":"https:\/\/www.blogdothame.blog.br\/v1\/wp-json\/wp\/v2\/media?parent=90589"}],"wp:term":[{"taxonomy":"category","embeddable":true,"href":"https:\/\/www.blogdothame.blog.br\/v1\/wp-json\/wp\/v2\/categories?post=90589"},{"taxonomy":"post_tag","embeddable":true,"href":"https:\/\/www.blogdothame.blog.br\/v1\/wp-json\/wp\/v2\/tags?post=90589"}],"curies":[{"name":"wp","href":"https:\/\/api.w.org\/{rel}","templated":true}]}}