{"id":90535,"date":"2019-05-27T18:30:39","date_gmt":"2019-05-27T21:30:39","guid":{"rendered":"http:\/\/www.blogdothame.blog.br\/v1\/?p=90535"},"modified":"2019-05-27T16:22:06","modified_gmt":"2019-05-27T19:22:06","slug":"visitacao-as-obras-sociais-irma-dulce-cresce-220-desde-anuncio-da-canonizacao","status":"publish","type":"post","link":"https:\/\/www.blogdothame.blog.br\/v1\/2019\/05\/27\/visitacao-as-obras-sociais-irma-dulce-cresce-220-desde-anuncio-da-canonizacao\/","title":{"rendered":"Visita\u00e7\u00e3o \u00e0s Obras Sociais Irm\u00e3 Dulce  cresce 220% desde an\u00fancio da canoniza\u00e7\u00e3o"},"content":{"rendered":"<p><img loading=\"lazy\" class=\"aligncenter  wp-image-90538\" src=\"http:\/\/www.blogdothame.blog.br\/v1\/wp-content\/uploads\/2019\/05\/Irm\u00e3-Dulce-Foto_Tatiana-Azeviche-5.jpg\" alt=\"Irm\u00e3 Dulce Foto_Tatiana Azeviche (5)\" width=\"446\" height=\"297\" srcset=\"https:\/\/www.blogdothame.blog.br\/v1\/wp-content\/uploads\/2019\/05\/Irm\u00e3-Dulce-Foto_Tatiana-Azeviche-5.jpg 800w, https:\/\/www.blogdothame.blog.br\/v1\/wp-content\/uploads\/2019\/05\/Irm\u00e3-Dulce-Foto_Tatiana-Azeviche-5-300x200.jpg 300w\" sizes=\"(max-width: 446px) 100vw, 446px\" \/><\/p>\n<p>Desde o \u00faltimo dia 14 de maio, quando o Vaticano reconheceu o segundo milagre de Irm\u00e3 Dulce, que a levar\u00e1 a se tornar a primeira santa nascida no Brasil, a visita\u00e7\u00e3o \u00e0 sede das obras sociais fundadas pela freira, em Salvador, aumentou 220%. A informa\u00e7\u00e3o foi dada ao secret\u00e1rio estadual do Turismo, Fausto Franco, pela superintendente, Maria Rita Pontes, nesta segunda-feira (27).<\/p>\n<p><img loading=\"lazy\" class=\"alignright size-medium wp-image-90536\" src=\"http:\/\/www.blogdothame.blog.br\/v1\/wp-content\/uploads\/2019\/05\/Irm\u00e3-Dulce-Foto_Tatiana-Azeviche-3-200x300.jpg\" alt=\"Irm\u00e3 Dulce Foto_Tatiana Azeviche (3)\" width=\"200\" height=\"300\" srcset=\"https:\/\/www.blogdothame.blog.br\/v1\/wp-content\/uploads\/2019\/05\/Irm\u00e3-Dulce-Foto_Tatiana-Azeviche-3-200x300.jpg 200w, https:\/\/www.blogdothame.blog.br\/v1\/wp-content\/uploads\/2019\/05\/Irm\u00e3-Dulce-Foto_Tatiana-Azeviche-3.jpg 533w\" sizes=\"(max-width: 200px) 100vw, 200px\" \/>Irm\u00e3 Dulce dedicou a vida a cuidar da popula\u00e7\u00e3o carente e foi beatificada em 2011, ao ter seu primeiro milagre reconhecido pelo Vaticano. Agora, cat\u00f3licos aguardam a data da canoniza\u00e7\u00e3o. Para o secret\u00e1rio Fausto Franco, o reconhecimento vai refor\u00e7ar o turismo religioso no estado. \u201cFi\u00e9is de todo o pa\u00eds voltam a aten\u00e7\u00e3o para a Bahia, que atrair\u00e1 mais turistas em experi\u00eancias de f\u00e9\u201d, disse Fausto, ao percorrer a sede das Obras Sociais Irm\u00e3 Dulce (Osid).<\/p>\n<p>A Osid completou 60 anos neste domingo (26) \u2013 junto com a celebra\u00e7\u00e3o dos 105 anos de nascimento da freira \u2013 e \u00e9 refer\u00eancia do turismo religioso no estado. Entre 2009 e 2018, a institui\u00e7\u00e3o recebeu mais de 730 mil visitantes, com destaque para 2011, ano da beatifica\u00e7\u00e3o, com quase 90 mil visitas contabilizadas. O recorde de visita\u00e7\u00e3o veio em 2014, ano do centen\u00e1rio da freira baiana, quando mais de 100 mil pessoas estiveram no local.<\/p>\n<p>&nbsp;<\/p>\n<p>\u201cA Bahia ganha um grande presente com o an\u00fancio da canoniza\u00e7\u00e3o. O movimento de turistas j\u00e1 cresceu muito e deve ser ainda maior ap\u00f3s a cerim\u00f4nia de oficializa\u00e7\u00e3o\u201d, prev\u00ea Maria Rita. \u201cEstamos recebendo muitos pedidos de grupos de S\u00e3o Paulo, Minas Gerais, Rio de Janeiro, Pernambuco e Sergipe\u201d, completou o assessor de Mem\u00f3ria e Cultura, Osvaldo Gouveia.<\/p>\n<p><!--more--><\/p>\n<p><img loading=\"lazy\" class=\"alignleft  wp-image-90537\" src=\"http:\/\/www.blogdothame.blog.br\/v1\/wp-content\/uploads\/2019\/05\/Irm\u00e3-Dulce-Foto_Tatiana-Azeviche-1-300x200.jpg\" alt=\"Irm\u00e3 Dulce Foto_Tatiana Azeviche (1)\" width=\"225\" height=\"150\" srcset=\"https:\/\/www.blogdothame.blog.br\/v1\/wp-content\/uploads\/2019\/05\/Irm\u00e3-Dulce-Foto_Tatiana-Azeviche-1-300x200.jpg 300w, https:\/\/www.blogdothame.blog.br\/v1\/wp-content\/uploads\/2019\/05\/Irm\u00e3-Dulce-Foto_Tatiana-Azeviche-1.jpg 800w\" sizes=\"(max-width: 225px) 100vw, 225px\" \/>\u00a0Anexos ao hospital filantr\u00f3pico, que realiza mais de 2 mil atendimentos di\u00e1rios, na Cidade Baixa, funcionam a Igreja da Imaculada Concei\u00e7\u00e3o da M\u00e3e de Deus, onde est\u00e3o guardadas as rel\u00edquias da beata, e o memorial que conta a hist\u00f3ria de f\u00e9 e dedica\u00e7\u00e3o de Irm\u00e3 Dulce aos pobres.\u00a0 A produ\u00e7\u00e3o associada ao turismo \u00e9 uma das alternativas para a sustentabilidade do setor de turismo religioso da Osid. Al\u00e9m de uma cafeteria, onde turistas podem fazer fotos sentados em um banco, ao lado de uma escultura de Irm\u00e3 Dulce, tamb\u00e9m \u00e9 poss\u00edvel levar para casa lembran\u00e7as. Cerca de 90% dos itens vendidos na loja do memorial, a exemplo de camisetas e imagens, s\u00e3o produzidos por empresas e artes\u00e3os baianos. (fotos: Tatiana Azeviche)<\/p>\n","protected":false},"excerpt":{"rendered":"<p>Desde o \u00faltimo dia 14 de maio, quando o Vaticano reconheceu o segundo milagre de Irm\u00e3 Dulce, que a levar\u00e1 a se tornar a primeira santa nascida no Brasil, a visita\u00e7\u00e3o \u00e0 sede das obras sociais fundadas pela freira, em Salvador, aumentou 220%. A informa\u00e7\u00e3o foi dada ao secret\u00e1rio estadual do Turismo, Fausto Franco, pela [&hellip;]<\/p>\n","protected":false},"author":2,"featured_media":0,"comment_status":"open","ping_status":"open","sticky":false,"template":"","format":"standard","meta":{"_links_to":"","_links_to_target":""},"categories":[1],"tags":[11454,9629,5666,15909],"_links":{"self":[{"href":"https:\/\/www.blogdothame.blog.br\/v1\/wp-json\/wp\/v2\/posts\/90535"}],"collection":[{"href":"https:\/\/www.blogdothame.blog.br\/v1\/wp-json\/wp\/v2\/posts"}],"about":[{"href":"https:\/\/www.blogdothame.blog.br\/v1\/wp-json\/wp\/v2\/types\/post"}],"author":[{"embeddable":true,"href":"https:\/\/www.blogdothame.blog.br\/v1\/wp-json\/wp\/v2\/users\/2"}],"replies":[{"embeddable":true,"href":"https:\/\/www.blogdothame.blog.br\/v1\/wp-json\/wp\/v2\/comments?post=90535"}],"version-history":[{"count":1,"href":"https:\/\/www.blogdothame.blog.br\/v1\/wp-json\/wp\/v2\/posts\/90535\/revisions"}],"predecessor-version":[{"id":90539,"href":"https:\/\/www.blogdothame.blog.br\/v1\/wp-json\/wp\/v2\/posts\/90535\/revisions\/90539"}],"wp:attachment":[{"href":"https:\/\/www.blogdothame.blog.br\/v1\/wp-json\/wp\/v2\/media?parent=90535"}],"wp:term":[{"taxonomy":"category","embeddable":true,"href":"https:\/\/www.blogdothame.blog.br\/v1\/wp-json\/wp\/v2\/categories?post=90535"},{"taxonomy":"post_tag","embeddable":true,"href":"https:\/\/www.blogdothame.blog.br\/v1\/wp-json\/wp\/v2\/tags?post=90535"}],"curies":[{"name":"wp","href":"https:\/\/api.w.org\/{rel}","templated":true}]}}