{"id":90509,"date":"2019-05-28T10:24:13","date_gmt":"2019-05-28T13:24:13","guid":{"rendered":"http:\/\/www.blogdothame.blog.br\/v1\/?p=90509"},"modified":"2019-05-27T16:16:18","modified_gmt":"2019-05-27T19:16:18","slug":"grupo-se-toque-promove-acao-no-dia-mundial-sem-tabaco","status":"publish","type":"post","link":"https:\/\/www.blogdothame.blog.br\/v1\/2019\/05\/28\/grupo-se-toque-promove-acao-no-dia-mundial-sem-tabaco\/","title":{"rendered":"Grupo Se Toque faz alerta no Dia Mundial Sem Tabaco"},"content":{"rendered":"<p><img loading=\"lazy\" class=\"alignleft size-full wp-image-90511\" src=\"http:\/\/www.blogdothame.blog.br\/v1\/wp-content\/uploads\/2019\/05\/se-toque.jpg\" alt=\"se toque\" width=\"320\" height=\"192\" srcset=\"https:\/\/www.blogdothame.blog.br\/v1\/wp-content\/uploads\/2019\/05\/se-toque.jpg 320w, https:\/\/www.blogdothame.blog.br\/v1\/wp-content\/uploads\/2019\/05\/se-toque-300x180.jpg 300w\" sizes=\"(max-width: 320px) 100vw, 320px\" \/>O \u201cSe Toque\u201d, Grupo de Apoio para Pacientes de C\u00e2ncer, promover\u00e1 na pr\u00f3xima sexta (31)uma atividade alusiva ao Dia Mundial Sem Tabaco. A a\u00e7\u00e3o vai acontecer na Pra\u00e7a Jos\u00e9 Bastos, a partir das 08h30 da manh\u00e3 e contar\u00e1 com exposi\u00e7\u00e3o de cartazes das campanhas contra o fumo e diversos servi\u00e7os \u00e0 comunidade, como: abordagem aos fumantes, para os que quiserem avalia\u00e7\u00e3o do grau de depend\u00eancia e levantamento do custo anual com o cigarro e para os n\u00e3o fumantes, a conscientiza\u00e7\u00e3o sobre seu papel nessa luta, aferi\u00e7\u00e3o da press\u00e3o arterial com a equipe da Velanes, estudantes de psicologia da FTC, alongamento, atividades l\u00fadicas e m\u00fasica com os cantores Zenon Moreira e Aracy Arcanjo.<\/p>\n<p>O tema da campanha da Organiza\u00e7\u00e3o Mundial da Sa\u00fade (OMS) para esse ano \u00e9 &#8220;tabaco e sa\u00fade pulmonar&#8221;. O objetivo maior \u00e9 conscientizar as pessoas sobre a necessidade de unir esfor\u00e7os na luta por uma sociedade livre do fumo.<\/p>\n<p>Segundo a coordenadora do Grupo Se Toque, Sueli Dias, o grande desafio \u00e9 chamar a aten\u00e7\u00e3o das pessoas para a responsabilidade de trabalhar com as crian\u00e7as o tema, j\u00e1 a partir dos tr\u00eas anos, de forma que ao chegarem \u00e0 adolesc\u00eancia, elas tenham mais condi\u00e7\u00f5es de resistir \u00e0 tenta\u00e7\u00e3o de experimentar o primeiro cigarro. \u201cCada pessoa pode influenciar positivamente alguma crian\u00e7a que faz parte do seu c\u00edrculo de conviv\u00eancia, seja um filho, sobrinho, neto, afilhado, vizinho, etc.\u201d, diz.<\/p>\n<p><!--more--><\/p>\n<p>Para ela, \u00e9 preciso que os perigos do fumo sejam abordados de forma instrutiva com as crian\u00e7as ainda pequenas para que, ao chegarem \u00e0 adolesc\u00eancia elas possam ter uma base informativa que lhe permita resistir \u00e0 tenta\u00e7\u00e3o do primeiro cigarro. Tanto que, ela refor\u00e7a o slogan da Funda\u00e7\u00e3o do C\u00e2ncer \u201cImporte-se com algu\u00e9m al\u00e9m de voc\u00ea\u201d. \u201cO fumo traz conseq\u00fc\u00eancias para a sa\u00fade individual e coletiva, pode provocar v\u00e1rios tipos de c\u00e2ncer e causa tamb\u00e9m danos ao meio ambiente\u201d, alerta. Acompanhe tamb\u00e9m nas redes sociais a hashtag #Eumeimporto<\/p>\n<p>O grupo<\/p>\n<p>O \u201cSe Toque\u201d Grupo de Apoio e Auto Ajuda \u00e9 uma Institui\u00e7\u00e3o, sem fins lucrativos, composta por donas de casa, aposentadas, estudantes, professores, m\u00e9dicos, advogados, psic\u00f3logos, pedagogos, jornalistas e profissionais liberais que se identificam com o objetivo proposto. S\u00e3o volunt\u00e1rios que querem colaborar de alguma forma.<\/p>\n<p>O grupo foi criado em 19 de novembro de 2005 com o objetivo de atuar no combate do c\u00e2ncer em todo o Sul da Bahia. Visa formar volunt\u00e1rios para oferecer apoio aos pacientes e ao mesmo tempo divulgar as principais formas de preven\u00e7\u00e3o dessa doen\u00e7a.<\/p>\n","protected":false},"excerpt":{"rendered":"<p>O \u201cSe Toque\u201d, Grupo de Apoio para Pacientes de C\u00e2ncer, promover\u00e1 na pr\u00f3xima sexta (31)uma atividade alusiva ao Dia Mundial Sem Tabaco. A a\u00e7\u00e3o vai acontecer na Pra\u00e7a Jos\u00e9 Bastos, a partir das 08h30 da manh\u00e3 e contar\u00e1 com exposi\u00e7\u00e3o de cartazes das campanhas contra o fumo e diversos servi\u00e7os \u00e0 comunidade, como: abordagem aos [&hellip;]<\/p>\n","protected":false},"author":2,"featured_media":0,"comment_status":"open","ping_status":"open","sticky":false,"template":"","format":"standard","meta":{"_links_to":"","_links_to_target":""},"categories":[1],"tags":[12106,22779,39],"_links":{"self":[{"href":"https:\/\/www.blogdothame.blog.br\/v1\/wp-json\/wp\/v2\/posts\/90509"}],"collection":[{"href":"https:\/\/www.blogdothame.blog.br\/v1\/wp-json\/wp\/v2\/posts"}],"about":[{"href":"https:\/\/www.blogdothame.blog.br\/v1\/wp-json\/wp\/v2\/types\/post"}],"author":[{"embeddable":true,"href":"https:\/\/www.blogdothame.blog.br\/v1\/wp-json\/wp\/v2\/users\/2"}],"replies":[{"embeddable":true,"href":"https:\/\/www.blogdothame.blog.br\/v1\/wp-json\/wp\/v2\/comments?post=90509"}],"version-history":[{"count":3,"href":"https:\/\/www.blogdothame.blog.br\/v1\/wp-json\/wp\/v2\/posts\/90509\/revisions"}],"predecessor-version":[{"id":90534,"href":"https:\/\/www.blogdothame.blog.br\/v1\/wp-json\/wp\/v2\/posts\/90509\/revisions\/90534"}],"wp:attachment":[{"href":"https:\/\/www.blogdothame.blog.br\/v1\/wp-json\/wp\/v2\/media?parent=90509"}],"wp:term":[{"taxonomy":"category","embeddable":true,"href":"https:\/\/www.blogdothame.blog.br\/v1\/wp-json\/wp\/v2\/categories?post=90509"},{"taxonomy":"post_tag","embeddable":true,"href":"https:\/\/www.blogdothame.blog.br\/v1\/wp-json\/wp\/v2\/tags?post=90509"}],"curies":[{"name":"wp","href":"https:\/\/api.w.org\/{rel}","templated":true}]}}