{"id":90486,"date":"2019-05-27T11:32:15","date_gmt":"2019-05-27T14:32:15","guid":{"rendered":"http:\/\/www.blogdothame.blog.br\/v1\/?p=90486"},"modified":"2019-05-27T11:48:12","modified_gmt":"2019-05-27T14:48:12","slug":"uesc-inicia-aulas-do-universidade-para-todos-em-nove-cidades","status":"publish","type":"post","link":"https:\/\/www.blogdothame.blog.br\/v1\/2019\/05\/27\/uesc-inicia-aulas-do-universidade-para-todos-em-nove-cidades\/","title":{"rendered":"UESC inicia aulas do \u201cUniversidade para todos\u201d  em nove cidades"},"content":{"rendered":"<p><img loading=\"lazy\" class=\"alignright size-medium wp-image-60684\" src=\"http:\/\/www.blogdothame.blog.br\/v1\/wp-content\/uploads\/2017\/03\/Uesc1-300x200.jpg\" alt=\"Uesc\" width=\"300\" height=\"200\" srcset=\"https:\/\/www.blogdothame.blog.br\/v1\/wp-content\/uploads\/2017\/03\/Uesc1-300x200.jpg 300w, https:\/\/www.blogdothame.blog.br\/v1\/wp-content\/uploads\/2017\/03\/Uesc1-1024x681.jpg 1024w, https:\/\/www.blogdothame.blog.br\/v1\/wp-content\/uploads\/2017\/03\/Uesc1.jpg 1463w\" sizes=\"(max-width: 300px) 100vw, 300px\" \/>A Universidade Estadual de Santa Cruz (UESC) promove nesta segunda-feira (27) a aula inaugural do curso pr\u00e9-vestibular Universidade Para Todos. As atividades tiveram inicio com uma capacita\u00e7\u00e3o dos monitores, no audit\u00f3rio do 5\u00ba andar da Torre Administrativa, ministrado pelos professores C\u00e2ndida Daltro e Rafael Oliveira Calmon.<\/p>\n<p>O Projeto Universidade para Todos foi criado pelo governo do Estado da Bahia, \u00e9 coordenado pela Secretaria da Educa\u00e7\u00e3o e executado pelas Universidades Estaduais. Ao longo dos 16 anos do projeto, na UESC, foram contemplados 33.452 alunos. No ano de 2019 foram 550 vagas, distribu\u00eddas por nove munic\u00edpios incluindo Ilh\u00e9us e Itabuna, por\u00e9m est\u00e3o inscritos 1.100. As aulas v\u00e3o prosseguir at\u00e9 o m\u00eas de dezembro.<\/p>\n<p>De acordo com o coordenador na UESC, professor Rafael Calmon, foi montado um cadastro de reservas que vai tentar ampliar o numero de monitores a fim de que seja viabilizada pelo menos mais uma turma em cada cidade. O cursinho pr\u00e9-vestibular \u00e9 voltado para estudantes matriculados no 3\u00ba ano do ensino m\u00e9dio estadual ou municipal ou modalidades correspondentes;<\/p>\n<p>Trata-se de uma oportunidade para aquele estudante que quer se preparar para o Enem e para o vestibular. Al\u00e9m das aulas, os estudantes t\u00eam acesso aos projetos complementares, como semin\u00e1rios, oficinas, simulados, revis\u00e3o para o Exame Nacional do Ensino M\u00e9dio (ENEM) e orienta\u00e7\u00e3o vocacional. Os selecionados receber\u00e3o camisa e material de estudo.<\/p>\n<p>&nbsp;<\/p>\n","protected":false},"excerpt":{"rendered":"<p>A Universidade Estadual de Santa Cruz (UESC) promove nesta segunda-feira (27) a aula inaugural do curso pr\u00e9-vestibular Universidade Para Todos. As atividades tiveram inicio com uma capacita\u00e7\u00e3o dos monitores, no audit\u00f3rio do 5\u00ba andar da Torre Administrativa, ministrado pelos professores C\u00e2ndida Daltro e Rafael Oliveira Calmon. O Projeto Universidade para Todos foi criado pelo governo [&hellip;]<\/p>\n","protected":false},"author":2,"featured_media":0,"comment_status":"open","ping_status":"open","sticky":false,"template":"","format":"standard","meta":{"_links_to":"","_links_to_target":""},"categories":[1],"tags":[3371,9181],"_links":{"self":[{"href":"https:\/\/www.blogdothame.blog.br\/v1\/wp-json\/wp\/v2\/posts\/90486"}],"collection":[{"href":"https:\/\/www.blogdothame.blog.br\/v1\/wp-json\/wp\/v2\/posts"}],"about":[{"href":"https:\/\/www.blogdothame.blog.br\/v1\/wp-json\/wp\/v2\/types\/post"}],"author":[{"embeddable":true,"href":"https:\/\/www.blogdothame.blog.br\/v1\/wp-json\/wp\/v2\/users\/2"}],"replies":[{"embeddable":true,"href":"https:\/\/www.blogdothame.blog.br\/v1\/wp-json\/wp\/v2\/comments?post=90486"}],"version-history":[{"count":1,"href":"https:\/\/www.blogdothame.blog.br\/v1\/wp-json\/wp\/v2\/posts\/90486\/revisions"}],"predecessor-version":[{"id":90487,"href":"https:\/\/www.blogdothame.blog.br\/v1\/wp-json\/wp\/v2\/posts\/90486\/revisions\/90487"}],"wp:attachment":[{"href":"https:\/\/www.blogdothame.blog.br\/v1\/wp-json\/wp\/v2\/media?parent=90486"}],"wp:term":[{"taxonomy":"category","embeddable":true,"href":"https:\/\/www.blogdothame.blog.br\/v1\/wp-json\/wp\/v2\/categories?post=90486"},{"taxonomy":"post_tag","embeddable":true,"href":"https:\/\/www.blogdothame.blog.br\/v1\/wp-json\/wp\/v2\/tags?post=90486"}],"curies":[{"name":"wp","href":"https:\/\/api.w.org\/{rel}","templated":true}]}}