{"id":90438,"date":"2019-05-24T13:30:31","date_gmt":"2019-05-24T16:30:31","guid":{"rendered":"http:\/\/www.blogdothame.blog.br\/v1\/?p=90438"},"modified":"2019-05-24T16:19:16","modified_gmt":"2019-05-24T19:19:16","slug":"seminario-em-itabuna-debate-caminhos-para-o-desenvolvimento","status":"publish","type":"post","link":"https:\/\/www.blogdothame.blog.br\/v1\/2019\/05\/24\/seminario-em-itabuna-debate-caminhos-para-o-desenvolvimento\/","title":{"rendered":"Semin\u00e1rio em Itabuna debate Caminhos para o Desenvolvimento"},"content":{"rendered":"<p><img loading=\"lazy\" class=\"aligncenter  wp-image-90442\" src=\"http:\/\/www.blogdothame.blog.br\/v1\/wp-content\/uploads\/2019\/05\/fff-1024x682.jpg\" alt=\"fff\" width=\"420\" height=\"280\" srcset=\"https:\/\/www.blogdothame.blog.br\/v1\/wp-content\/uploads\/2019\/05\/fff-1024x682.jpg 1024w, https:\/\/www.blogdothame.blog.br\/v1\/wp-content\/uploads\/2019\/05\/fff-300x200.jpg 300w, https:\/\/www.blogdothame.blog.br\/v1\/wp-content\/uploads\/2019\/05\/fff.jpg 1280w\" sizes=\"(max-width: 420px) 100vw, 420px\" \/><\/p>\n<p>Foi realizado nesta nesta sexta-feira, 24, do Semin\u00e1rio Gest\u00e3o P\u00fablica &#8211; Transforma\u00e7\u00e3o Urbana, Neg\u00f3cios, Cultura e Caminhos para o Desenvolvimento em\u00a0 Itabuna. Realizado pelo F\u00f3rum Empresarial da Bahia e Associa\u00e7\u00e3o dos Munic\u00edpios do Sul, Extremo Sul e Sudoeste Baiano &#8211; Amurc, o evento contou com a participa\u00e7\u00e3o de prefeitos, secret\u00e1rios municipais, deputados e vereadores de diversas cidades da regi\u00e3o e sociedade civil. O objetivo \u00e9 aprimorar a gest\u00e3o p\u00fablica, oferecendo estrat\u00e9gias de seguran\u00e7a, tecnologia, educa\u00e7\u00e3o, saneamento.<\/p>\n<p><img loading=\"lazy\" class=\"aligncenter size-medium wp-image-90439\" src=\"http:\/\/www.blogdothame.blog.br\/v1\/wp-content\/uploads\/2019\/05\/forum-1-1-300x200.jpg\" alt=\"forum 1 (1)\" width=\"300\" height=\"200\" srcset=\"https:\/\/www.blogdothame.blog.br\/v1\/wp-content\/uploads\/2019\/05\/forum-1-1-300x200.jpg 300w, https:\/\/www.blogdothame.blog.br\/v1\/wp-content\/uploads\/2019\/05\/forum-1-1-1024x682.jpg 1024w, https:\/\/www.blogdothame.blog.br\/v1\/wp-content\/uploads\/2019\/05\/forum-1-1.jpg 1280w\" sizes=\"(max-width: 300px) 100vw, 300px\" \/><\/p>\n<p>Em palestra o vice-governador e secret\u00e1rio de Desenvolvimento Econ\u00f4mico, Jo\u00e3o Le\u00e3oLe\u00e3o ressaltou o desenvolvimento do estado da Bahia que est\u00e1 entre os tr\u00eas estados brasileiros com as contas em dias e obras em todo o estado &#8220;enquanto o Brasil recua, a Bahia avan\u00e7a. Isso \u00e9 gra\u00e7as ao trabalho do governador Rui Costa e de toda equipe do governo que est\u00e1 comprometida com a qualidade da gest\u00e3o p\u00fablica. E essa qualidade gera desenvolvimento que melhora a vida dos baianos&#8221; disse Le\u00e3o.<\/p>\n<p>&nbsp;<\/p>\n<p><!--more--><\/p>\n<p>Na ocasi\u00e3o Le\u00e3o ao lado do presidente da Embasa, Rog\u00e9rio Cedraz, assinou protocolo de inten\u00e7\u00f5es para renova\u00e7\u00e3o da presta\u00e7\u00e3o dos servi\u00e7os da Embasa com as prefeituras de Ubaitaba, S\u00e3o Jos\u00e9 da Vit\u00f3ria, Santa Luzia, Buerarema e \u00cdlheus.<\/p>\n<p>Na sequ\u00eancia do evento foram realizadas palestras: \u201cGest\u00e3o por processo na Administra\u00e7\u00e3o P\u00fablica\u201d, com Adriana Linhares &#8211; Farmac\u00eautica, MBA em Sistema de Gest\u00e3o de Qualidade, MBA em finan\u00e7as e contabilidade; \u201cMindfulness como pol\u00edtica: da implementa\u00e7\u00e3o aos benef\u00edcios \u00e0 sociedade\u201d, por Ana Barros &#8211; Psic\u00f3loga com experi\u00eancia cl\u00ednica e docente, especialista em Terapias Cognitivas e Mestre em Desenvolvimento Regional e Meio Ambiente; \u201cContratualiza\u00e7\u00e3o em Saneamento B\u00e1sico: Abastecimento de \u00c1gua e Esgotamento Sanit\u00e1rio\u201d com Erick Fernandes \u2013 Gerente Regional da Embasa.<\/p>\n<p>Policl\u00ednica<\/p>\n<p>O vice-governador visitou as obras da Policl\u00ednica Regional de Sa\u00fade de Itabuna que vai atender a popula\u00e7\u00e3o da regi\u00e3o e ter\u00e3o acesso a uma variedade de especialidades m\u00e9dicas, a exemplo de angiologia, cardiologia, endocrinologia, gastrenterologia, neurologia, ortopedia, oftalmologia, otorrinolaringologia, ginecologia\/obstetr\u00edcia, mastologia e urologia. Diversos exames tamb\u00e9m ser\u00e3o oferecidos, com destaque para os seguintes: resson\u00e2ncia magn\u00e9tica, tomografia, mamografia, ultrassonografia com doppler, ecocardiografia, ergometria, mapa, holter, eletroencefalograma, entre outros.<\/p>\n<p>Teatro<br \/>\nLe\u00e3o visitou as obras do novo teatro de Itabuna que ser\u00e1 inaugurado no segundo semestre de 2019 com capacidade para aproximadamente 600 pessoas.<\/p>\n","protected":false},"excerpt":{"rendered":"<p>Foi realizado nesta nesta sexta-feira, 24, do Semin\u00e1rio Gest\u00e3o P\u00fablica &#8211; Transforma\u00e7\u00e3o Urbana, Neg\u00f3cios, Cultura e Caminhos para o Desenvolvimento em\u00a0 Itabuna. Realizado pelo F\u00f3rum Empresarial da Bahia e Associa\u00e7\u00e3o dos Munic\u00edpios do Sul, Extremo Sul e Sudoeste Baiano &#8211; Amurc, o evento contou com a participa\u00e7\u00e3o de prefeitos, secret\u00e1rios municipais, deputados e vereadores de [&hellip;]<\/p>\n","protected":false},"author":2,"featured_media":0,"comment_status":"open","ping_status":"open","sticky":false,"template":"","format":"standard","meta":{"_links_to":"","_links_to_target":""},"categories":[1],"tags":[24479,2992,16,9915,24478],"_links":{"self":[{"href":"https:\/\/www.blogdothame.blog.br\/v1\/wp-json\/wp\/v2\/posts\/90438"}],"collection":[{"href":"https:\/\/www.blogdothame.blog.br\/v1\/wp-json\/wp\/v2\/posts"}],"about":[{"href":"https:\/\/www.blogdothame.blog.br\/v1\/wp-json\/wp\/v2\/types\/post"}],"author":[{"embeddable":true,"href":"https:\/\/www.blogdothame.blog.br\/v1\/wp-json\/wp\/v2\/users\/2"}],"replies":[{"embeddable":true,"href":"https:\/\/www.blogdothame.blog.br\/v1\/wp-json\/wp\/v2\/comments?post=90438"}],"version-history":[{"count":2,"href":"https:\/\/www.blogdothame.blog.br\/v1\/wp-json\/wp\/v2\/posts\/90438\/revisions"}],"predecessor-version":[{"id":90443,"href":"https:\/\/www.blogdothame.blog.br\/v1\/wp-json\/wp\/v2\/posts\/90438\/revisions\/90443"}],"wp:attachment":[{"href":"https:\/\/www.blogdothame.blog.br\/v1\/wp-json\/wp\/v2\/media?parent=90438"}],"wp:term":[{"taxonomy":"category","embeddable":true,"href":"https:\/\/www.blogdothame.blog.br\/v1\/wp-json\/wp\/v2\/categories?post=90438"},{"taxonomy":"post_tag","embeddable":true,"href":"https:\/\/www.blogdothame.blog.br\/v1\/wp-json\/wp\/v2\/tags?post=90438"}],"curies":[{"name":"wp","href":"https:\/\/api.w.org\/{rel}","templated":true}]}}