{"id":90435,"date":"2019-05-26T10:27:41","date_gmt":"2019-05-26T13:27:41","guid":{"rendered":"http:\/\/www.blogdothame.blog.br\/v1\/?p=90435"},"modified":"2019-05-26T10:28:08","modified_gmt":"2019-05-26T13:28:08","slug":"reitora-joana-angelica-guimaraes-defende-mobilizacao-contra-corte-de-verbas-na-ufsb","status":"publish","type":"post","link":"https:\/\/www.blogdothame.blog.br\/v1\/2019\/05\/26\/reitora-joana-angelica-guimaraes-defende-mobilizacao-contra-corte-de-verbas-na-ufsb\/","title":{"rendered":"Reitora Joana Ang\u00e9lica Guimar\u00e3es defende mobiliza\u00e7\u00e3o contra corte de verbas na UFSB"},"content":{"rendered":"<p>A Universidade Federal do Sul da Bahia-UFSB, foi a institui\u00e7\u00e3o de ensino superior que mais sofreu com os cortes realizados pelo Governo Federal. O corte chega a 54% do or\u00e7amento para 2019, o que pode comprometer o funcionamento dos campi em Itabuna, Porto Seguro e Teixeira de Freitas.<\/p>\n<p>Em entrevista ao Blog do Thame, a reitora Joana Ang\u00e9lica Guimar\u00e3es falou sobre o impacto dos cortes, a import\u00e2ncia da universidade e defendeu uma ampla mobiliza\u00e7\u00e3o para garantir o pleno funcionamento da UFSB.<\/p>\n<p>Assista:<\/p>\n<p><iframe loading=\"lazy\" src=\"https:\/\/www.youtube.com\/embed\/JNQOvUdYcbk\" width=\"560\" height=\"315\" frameborder=\"0\" allowfullscreen=\"allowfullscreen\"><\/iframe><\/p>\n","protected":false},"excerpt":{"rendered":"<p>A Universidade Federal do Sul da Bahia-UFSB, foi a institui\u00e7\u00e3o de ensino superior que mais sofreu com os cortes realizados pelo Governo Federal. O corte chega a 54% do or\u00e7amento para 2019, o que pode comprometer o funcionamento dos campi em Itabuna, Porto Seguro e Teixeira de Freitas. Em entrevista ao Blog do Thame, a [&hellip;]<\/p>\n","protected":false},"author":2,"featured_media":0,"comment_status":"open","ping_status":"open","sticky":false,"template":"","format":"standard","meta":{"_links_to":"","_links_to_target":""},"categories":[1],"tags":[8170,22091,11962,10264],"_links":{"self":[{"href":"https:\/\/www.blogdothame.blog.br\/v1\/wp-json\/wp\/v2\/posts\/90435"}],"collection":[{"href":"https:\/\/www.blogdothame.blog.br\/v1\/wp-json\/wp\/v2\/posts"}],"about":[{"href":"https:\/\/www.blogdothame.blog.br\/v1\/wp-json\/wp\/v2\/types\/post"}],"author":[{"embeddable":true,"href":"https:\/\/www.blogdothame.blog.br\/v1\/wp-json\/wp\/v2\/users\/2"}],"replies":[{"embeddable":true,"href":"https:\/\/www.blogdothame.blog.br\/v1\/wp-json\/wp\/v2\/comments?post=90435"}],"version-history":[{"count":3,"href":"https:\/\/www.blogdothame.blog.br\/v1\/wp-json\/wp\/v2\/posts\/90435\/revisions"}],"predecessor-version":[{"id":90465,"href":"https:\/\/www.blogdothame.blog.br\/v1\/wp-json\/wp\/v2\/posts\/90435\/revisions\/90465"}],"wp:attachment":[{"href":"https:\/\/www.blogdothame.blog.br\/v1\/wp-json\/wp\/v2\/media?parent=90435"}],"wp:term":[{"taxonomy":"category","embeddable":true,"href":"https:\/\/www.blogdothame.blog.br\/v1\/wp-json\/wp\/v2\/categories?post=90435"},{"taxonomy":"post_tag","embeddable":true,"href":"https:\/\/www.blogdothame.blog.br\/v1\/wp-json\/wp\/v2\/tags?post=90435"}],"curies":[{"name":"wp","href":"https:\/\/api.w.org\/{rel}","templated":true}]}}