{"id":90422,"date":"2019-05-24T14:51:19","date_gmt":"2019-05-24T17:51:19","guid":{"rendered":"http:\/\/www.blogdothame.blog.br\/v1\/?p=90422"},"modified":"2019-05-24T14:51:19","modified_gmt":"2019-05-24T17:51:19","slug":"anac-suspende-todos-os-voos-e-operacoes-da-avianca-brasil","status":"publish","type":"post","link":"https:\/\/www.blogdothame.blog.br\/v1\/2019\/05\/24\/anac-suspende-todos-os-voos-e-operacoes-da-avianca-brasil\/","title":{"rendered":"Anac suspende todos os voos e opera\u00e7\u00f5es da Avianca Brasil"},"content":{"rendered":"<p><img loading=\"lazy\" class=\"alignleft size-medium wp-image-90423\" src=\"http:\/\/www.blogdothame.blog.br\/v1\/wp-content\/uploads\/2019\/05\/avi-300x200.jpg\" alt=\"avi\" width=\"300\" height=\"200\" srcset=\"https:\/\/www.blogdothame.blog.br\/v1\/wp-content\/uploads\/2019\/05\/avi-300x200.jpg 300w, https:\/\/www.blogdothame.blog.br\/v1\/wp-content\/uploads\/2019\/05\/avi.jpg 600w\" sizes=\"(max-width: 300px) 100vw, 300px\" \/>Do Todos a Bordo no <a href=\"https:\/\/todosabordo.blogosfera.uol.com.br\/2019\/05\/24\/anac-suspende-operacoes-avianca\/?utm_source=twitter&amp;utm_medium=social-media&amp;utm_campaign=uol&amp;utm_content=geral\">UOL<\/a>: -A Anac (Ag\u00eancia Nacional de Avia\u00e7\u00e3o Civil) suspendeu hoje todas as opera\u00e7\u00f5es da Avianca Brasil. Segundo a ag\u00eancia, \u201ccom a medida, est\u00e3o suspensos todos os voos at\u00e9 que a empresa comprove capacidade operacional para manter as opera\u00e7\u00f5es em seguran\u00e7a\u201d.<\/p>\n<p>A Anac informou que a decis\u00e3o foi tomada com base em informa\u00e7\u00f5es prestadas \u00e0 \u00e1rea respons\u00e1vel por seguran\u00e7a operacional da ag\u00eancia. A Avianca Brasil n\u00e3o estava comprovando as condi\u00e7\u00f5es m\u00ednimas\u00a0exigidas, como manuten\u00e7\u00e3o dos avi\u00f5es, para manter todos os voos com seguran\u00e7a.<\/p>\n<div class=\"code-block code-block-1\">\u00a0A companhia foi comunicada na manh\u00e3 de hoje e todos os avi\u00f5es da empresa j\u00e1 est\u00e3o parados nos aeroportos. A Avianca Brasil s\u00f3 poder\u00e1 voltar a operar novamente quando demonstrar que cumpre os requisitos de seguran\u00e7a.<\/div>\n<div class=\"code-block code-block-1\"><\/div>\n<div class=\"code-block code-block-1\">Os dois voos di\u00e1rios para Ilh\u00e9us j\u00e1 estavam suspensos desde o in\u00edcio do m\u00eas.<\/div>\n","protected":false},"excerpt":{"rendered":"<p>Do Todos a Bordo no UOL: -A Anac (Ag\u00eancia Nacional de Avia\u00e7\u00e3o Civil) suspendeu hoje todas as opera\u00e7\u00f5es da Avianca Brasil. Segundo a ag\u00eancia, \u201ccom a medida, est\u00e3o suspensos todos os voos at\u00e9 que a empresa comprove capacidade operacional para manter as opera\u00e7\u00f5es em seguran\u00e7a\u201d. A Anac informou que a decis\u00e3o foi tomada com base [&hellip;]<\/p>\n","protected":false},"author":2,"featured_media":0,"comment_status":"open","ping_status":"open","sticky":false,"template":"","format":"standard","meta":{"_links_to":"","_links_to_target":""},"categories":[1],"tags":[4733,5875,8633,8512],"_links":{"self":[{"href":"https:\/\/www.blogdothame.blog.br\/v1\/wp-json\/wp\/v2\/posts\/90422"}],"collection":[{"href":"https:\/\/www.blogdothame.blog.br\/v1\/wp-json\/wp\/v2\/posts"}],"about":[{"href":"https:\/\/www.blogdothame.blog.br\/v1\/wp-json\/wp\/v2\/types\/post"}],"author":[{"embeddable":true,"href":"https:\/\/www.blogdothame.blog.br\/v1\/wp-json\/wp\/v2\/users\/2"}],"replies":[{"embeddable":true,"href":"https:\/\/www.blogdothame.blog.br\/v1\/wp-json\/wp\/v2\/comments?post=90422"}],"version-history":[{"count":1,"href":"https:\/\/www.blogdothame.blog.br\/v1\/wp-json\/wp\/v2\/posts\/90422\/revisions"}],"predecessor-version":[{"id":90424,"href":"https:\/\/www.blogdothame.blog.br\/v1\/wp-json\/wp\/v2\/posts\/90422\/revisions\/90424"}],"wp:attachment":[{"href":"https:\/\/www.blogdothame.blog.br\/v1\/wp-json\/wp\/v2\/media?parent=90422"}],"wp:term":[{"taxonomy":"category","embeddable":true,"href":"https:\/\/www.blogdothame.blog.br\/v1\/wp-json\/wp\/v2\/categories?post=90422"},{"taxonomy":"post_tag","embeddable":true,"href":"https:\/\/www.blogdothame.blog.br\/v1\/wp-json\/wp\/v2\/tags?post=90422"}],"curies":[{"name":"wp","href":"https:\/\/api.w.org\/{rel}","templated":true}]}}