{"id":90400,"date":"2019-05-23T17:30:28","date_gmt":"2019-05-23T20:30:28","guid":{"rendered":"http:\/\/www.blogdothame.blog.br\/v1\/?p=90400"},"modified":"2019-05-23T17:41:47","modified_gmt":"2019-05-23T20:41:47","slug":"ufba-e-sema-assinam-termo-de-cooperacao-tecnica-em-favor-do-meio-ambiente","status":"publish","type":"post","link":"https:\/\/www.blogdothame.blog.br\/v1\/2019\/05\/23\/ufba-e-sema-assinam-termo-de-cooperacao-tecnica-em-favor-do-meio-ambiente\/","title":{"rendered":"UFBA e SEMA assinam termo de coopera\u00e7\u00e3o t\u00e9cnica em favor do meio ambiente"},"content":{"rendered":"<p><img loading=\"lazy\" class=\"aligncenter  wp-image-90403\" src=\"http:\/\/www.blogdothame.blog.br\/v1\/wp-content\/uploads\/2019\/05\/ufba-11.jpg\" alt=\"ufba 1\" width=\"423\" height=\"282\" srcset=\"https:\/\/www.blogdothame.blog.br\/v1\/wp-content\/uploads\/2019\/05\/ufba-11.jpg 900w, https:\/\/www.blogdothame.blog.br\/v1\/wp-content\/uploads\/2019\/05\/ufba-11-300x200.jpg 300w\" sizes=\"(max-width: 423px) 100vw, 423px\" \/><\/p>\n<p>Um acordo de coopera\u00e7\u00e3o t\u00e9cnica entre a Universidade Federal da Bahia (UFBA) e a Secretaria de Meio Ambiente do Estado da Bahia (SEMA),\u00a0por meio do Instituto do Meio Ambiente e Recursos H\u00eddricos (INEMA), foi assinado na quinta-feira (23).\u00a0 O objetivo do conv\u00eanio \u00e9 a execu\u00e7\u00e3o de a\u00e7\u00f5es conjuntas atrav\u00e9s de troca de dados e informa\u00e7\u00f5es t\u00e9cnico-cient\u00edficas, que possibilitem o avan\u00e7o de conhecimentos dos quadros t\u00e9cnicos da institui\u00e7\u00e3o, voltados para a\u00e7\u00f5es de desenvolvimento e preserva\u00e7\u00e3o ambiental, em projetos dos campos da engenharia e geoci\u00eancias, na Bahia.<\/p>\n<p><img loading=\"lazy\" class=\"alignright size-medium wp-image-90401\" src=\"http:\/\/www.blogdothame.blog.br\/v1\/wp-content\/uploads\/2019\/05\/ufba-2-300x170.jpg\" alt=\"ufba 2\" width=\"300\" height=\"170\" srcset=\"https:\/\/www.blogdothame.blog.br\/v1\/wp-content\/uploads\/2019\/05\/ufba-2-300x170.jpg 300w, https:\/\/www.blogdothame.blog.br\/v1\/wp-content\/uploads\/2019\/05\/ufba-2-1024x579.jpg 1024w, https:\/\/www.blogdothame.blog.br\/v1\/wp-content\/uploads\/2019\/05\/ufba-2.jpg 1200w\" sizes=\"(max-width: 300px) 100vw, 300px\" \/>De acordo com o reitor Jo\u00e3o Carlos Salles, esta \u00e9 uma iniciativa estrat\u00e9gica para o crescimento do estado da Bahia, na qual \u201ca UFBA cumpre o seu papel como Universidade que aplica seu conhecimento acad\u00eamico na sociedade em que est\u00e1 inserida\u201d.\u00a0 O secret\u00e1rio do meio ambiente, Jo\u00e3o Carlos Oliveira da Silva, tamb\u00e9m destacou a import\u00e2ncia do pacto entre as institui\u00e7\u00f5es, pois \u201c\u00e9 preciso unir a excel\u00eancia da pesquisa realizada na UFBA com os projetos de avan\u00e7os tecnol\u00f3gicos para a Bahia\u201d.<\/p>\n<p>V\u00e1rias unidades da Universidade participar\u00e3o diretamente da coopera\u00e7\u00e3o como o Instituto de Geoci\u00eancias, atrav\u00e9s do programa de Reaproveitamento de Rejeitos Minerais e Res\u00edduos S\u00f3lidos e de um grande projeto de estudos oceanogr\u00e1ficos em \u00e1guas brasileiras, como informou a diretora do IGEO, Ol\u00edvia Oliveira. \u00a0H\u00e1 mais de um ano, um grupo de pesquisadores do Departamento de Engenharia El\u00e9trica e Computa\u00e7\u00e3o, da Escola Polit\u00e9cnica j\u00e1 vem trabalhando com projetos como o\u00a0uso de drones para avalia\u00e7\u00e3o de impacto ambiental e um programa de monitoramento e gerenciamento de riscos ambientais, que tamb\u00e9m est\u00e3o contemplado no escopo do conv\u00eanio.<\/p>\n<p>&nbsp;<\/p>\n<p><!--more--><\/p>\n<p>Outras unidades da UFBA como as pr\u00f3-reitorias de Ensino de Gradua\u00e7\u00e3o e de Pesquisa, Cria\u00e7\u00e3o e Inova\u00e7\u00e3o e os institutos de Humanidades Artes e Ci\u00eancias Milton Santos (IHAC) e de Biologia tamb\u00e9m desenvolver\u00e3o a\u00e7\u00f5es associadas \u00e0s \u00e1reas da coopera\u00e7\u00e3o. O acordo de coopera\u00e7\u00e3o t\u00e9cnica n\u00ba 001\/2019, que prev\u00ea a qualifica\u00e7\u00e3o profissional do quadro t\u00e9cnico e pessoal das institui\u00e7\u00f5es coparticipantes, tem um prazo de vig\u00eancia ser\u00e1 de 24 (vinte e quatro) meses.<\/p>\n<p>Segundo os termos do tratado, a UFBA discutir\u00e1 e promover\u00e1 atividades de treinamento e\/ou reciclagem visando a qualifica\u00e7\u00e3o dos quadros t\u00e9cnicos da SEMA e INEMA e t\u00e9cnicos, docentes e discentes da UFBA; promover\u00e1 viagens t\u00e9cnicas de campo entre seus t\u00e9cnicos, visando o estudo das \u00e1reas de interesse comum relacionadas com os projetos realizados; participar\u00e1 dos encontros de planejamento, das miss\u00f5es de supervis\u00e3o e de avalia\u00e7\u00e3o dos projetos; monitorar\u00e1, supervisionar\u00e1, avaliar\u00e1 e fiscalizar\u00e1 o desenvolvimento de todos os projetos e a\u00e7\u00f5es; elaborar\u00e1 relat\u00f3rios ou documentos t\u00e9cnicos necess\u00e1rios para a execu\u00e7\u00e3o dos projetos; disponibilizar\u00e1 pessoal e equipamentos para integrar as atividades a serem desenvolvidas; apoiar\u00e1 as atividades e dar\u00e1 suporte necess\u00e1rio para o cumprimento das a\u00e7\u00f5es previstas no acordo, durante o \u00a0seu per\u00edodo de vig\u00eancia.\u00a0 A SEMA e o INEMA tamb\u00e9m discutir\u00e3o e promover\u00e3o atividades de treinamento e\/ou reciclagem, visando a qualifica\u00e7\u00e3o dos quadros t\u00e9cnicos da SEMA e INEMA e t\u00e9cnicos, docentes e discentes da UFBA.<\/p>\n","protected":false},"excerpt":{"rendered":"<p>Um acordo de coopera\u00e7\u00e3o t\u00e9cnica entre a Universidade Federal da Bahia (UFBA) e a Secretaria de Meio Ambiente do Estado da Bahia (SEMA),\u00a0por meio do Instituto do Meio Ambiente e Recursos H\u00eddricos (INEMA), foi assinado na quinta-feira (23).\u00a0 O objetivo do conv\u00eanio \u00e9 a execu\u00e7\u00e3o de a\u00e7\u00f5es conjuntas atrav\u00e9s de troca de dados e informa\u00e7\u00f5es [&hellip;]<\/p>\n","protected":false},"author":2,"featured_media":0,"comment_status":"open","ping_status":"open","sticky":false,"template":"","format":"standard","meta":{"_links_to":"","_links_to_target":""},"categories":[1],"tags":[24470,24111,24469,4632],"_links":{"self":[{"href":"https:\/\/www.blogdothame.blog.br\/v1\/wp-json\/wp\/v2\/posts\/90400"}],"collection":[{"href":"https:\/\/www.blogdothame.blog.br\/v1\/wp-json\/wp\/v2\/posts"}],"about":[{"href":"https:\/\/www.blogdothame.blog.br\/v1\/wp-json\/wp\/v2\/types\/post"}],"author":[{"embeddable":true,"href":"https:\/\/www.blogdothame.blog.br\/v1\/wp-json\/wp\/v2\/users\/2"}],"replies":[{"embeddable":true,"href":"https:\/\/www.blogdothame.blog.br\/v1\/wp-json\/wp\/v2\/comments?post=90400"}],"version-history":[{"count":2,"href":"https:\/\/www.blogdothame.blog.br\/v1\/wp-json\/wp\/v2\/posts\/90400\/revisions"}],"predecessor-version":[{"id":90405,"href":"https:\/\/www.blogdothame.blog.br\/v1\/wp-json\/wp\/v2\/posts\/90400\/revisions\/90405"}],"wp:attachment":[{"href":"https:\/\/www.blogdothame.blog.br\/v1\/wp-json\/wp\/v2\/media?parent=90400"}],"wp:term":[{"taxonomy":"category","embeddable":true,"href":"https:\/\/www.blogdothame.blog.br\/v1\/wp-json\/wp\/v2\/categories?post=90400"},{"taxonomy":"post_tag","embeddable":true,"href":"https:\/\/www.blogdothame.blog.br\/v1\/wp-json\/wp\/v2\/tags?post=90400"}],"curies":[{"name":"wp","href":"https:\/\/api.w.org\/{rel}","templated":true}]}}