{"id":90325,"date":"2019-05-23T04:20:42","date_gmt":"2019-05-23T07:20:42","guid":{"rendered":"http:\/\/www.blogdothame.blog.br\/v1\/?p=90325"},"modified":"2019-05-22T16:28:56","modified_gmt":"2019-05-22T19:28:56","slug":"missao-da-bahia-visita-o-centro-de-emergencias-112-e-se-reune-com-empresas-em-madrid","status":"publish","type":"post","link":"https:\/\/www.blogdothame.blog.br\/v1\/2019\/05\/23\/missao-da-bahia-visita-o-centro-de-emergencias-112-e-se-reune-com-empresas-em-madrid\/","title":{"rendered":"Miss\u00e3o da Bahia visita o Centro de Emerg\u00eancias 112 e se re\u00fane com empresas em Madrid"},"content":{"rendered":"<p><img loading=\"lazy\" class=\"aligncenter  wp-image-90327\" src=\"http:\/\/www.blogdothame.blog.br\/v1\/wp-content\/uploads\/2019\/05\/emergencia112.png\" alt=\"emergencia112\" width=\"361\" height=\"260\" srcset=\"https:\/\/www.blogdothame.blog.br\/v1\/wp-content\/uploads\/2019\/05\/emergencia112.png 825w, https:\/\/www.blogdothame.blog.br\/v1\/wp-content\/uploads\/2019\/05\/emergencia112-300x216.png 300w\" sizes=\"(max-width: 361px) 100vw, 361px\" \/><\/p>\n<p>Uma miss\u00e3o liderada pelo secret\u00e1rio do Planejamento do Estado, Walter Pinheiro, visitou\u00a0 o Centro de Emerg\u00eancias 112 de Madrid (Espanha), com o objetivo de conhecer o sistema de gest\u00e3o e de implanta\u00e7\u00e3o da unidade. Junto com o superintendente de Atra\u00e7\u00e3o de Neg\u00f3cios da Secretaria de Desenvolvimento Econ\u00f4mico (SDE), Paulo Guimar\u00e3es, e o chefe de Gabinete da Secretaria de Ci\u00eancia, Tecnologia e Inova\u00e7\u00e3o (SECTI), Gesil Amarante, Pinheiro tamb\u00e9m se reuniu com dirigentes da Telef\u00f3nica e da empresa Amara, do setor de energia solar fotovoltaica.<\/p>\n<p>&nbsp;<\/p>\n<p><img loading=\"lazy\" class=\"alignright size-medium wp-image-90326\" src=\"http:\/\/www.blogdothame.blog.br\/v1\/wp-content\/uploads\/2019\/05\/esp-300x244.jpg\" alt=\"esp\" width=\"300\" height=\"244\" srcset=\"https:\/\/www.blogdothame.blog.br\/v1\/wp-content\/uploads\/2019\/05\/esp-300x244.jpg 300w, https:\/\/www.blogdothame.blog.br\/v1\/wp-content\/uploads\/2019\/05\/esp.jpg 900w\" sizes=\"(max-width: 300px) 100vw, 300px\" \/>Refer\u00eancia na Europa, o Servi\u00e7o de Chamada de Emerg\u00eancia 112 da Comunidade de Madri funciona para todos os tipos de emerg\u00eancia de sa\u00fade, seguran\u00e7a cidad\u00e3, prote\u00e7\u00e3o civil, combate a inc\u00eandios e salvamento, dentre outros. \u201cFizemos reuni\u00e3o com os gestores do Centro e discutimos os contratos de gest\u00e3o e de manuten\u00e7\u00e3o, como se deu o processo licitat\u00f3rio, a plataforma desenvolvida, a integra\u00e7\u00e3o dos servi\u00e7os, o tempo de contrato e o modelo de remunera\u00e7\u00e3o. Al\u00e9m disso, discutimos aspectos relacionados \u00e0 opera\u00e7\u00e3o do sistema e como a experi\u00eancia de Madrid pode nos ser \u00fatil\u201d, afirmou Pinheiro.<\/p>\n<p>&nbsp;<\/p>\n<p>Ainda de acordo com o secret\u00e1rio, foram discutidos a elabora\u00e7\u00e3o e execu\u00e7\u00e3o de um projeto conjunto entre o Governo da Bahia e a ASSEM &#8211; Governo da Comunidade de Madrid para capacita\u00e7\u00e3o, treinamento e transfer\u00eancia m\u00fatua de know-how, com a possibilidade do irmanamento entre os governos da Bahia e da Comunidade Aut\u00f4noma de Madrid, que congrega 179 munic\u00edpios, al\u00e9m da capital. Na oportunidade, a comitiva andou no Ve\u00edculo Leve sobre Trilhos (VLT) para conhecer o sistema que conecta com metr\u00f4 e \u00f4nibus. \u201cAndamos numa linha nova, que ampliou a cobertura do sistema de transporte em Madrid e cercanias\u201d, completou.<\/p>\n<p>&nbsp;<\/p>\n<p><!--more--><\/p>\n<p>O trabalho do 112, foi reconhecido com v\u00e1rios pr\u00eamios, destacando o Pr\u00eamio Vocento para Valores Humanos, em reconhecimento ao trabalho realizado ap\u00f3s os ataques de 11 de mar\u00e7o de 2004. \u201cEste \u00e9 um centro de refer\u00eancia que serve para todas as emerg\u00eancias, gratuito, f\u00e1cil de memorizar pelo fato de ser apenas um n\u00famero para todos os tipos de atendimento e que funciona 24 horas por dia e 365 dias por ano, permitindo a localiza\u00e7\u00e3o imediata do solicitante e a ativa\u00e7\u00e3o simult\u00e2nea de todos os \u00f3rg\u00e3os, melhorando assim o tempo de resposta\u201d, ressaltou Pinheiro.<\/p>\n<p>&nbsp;<\/p>\n<p>A miss\u00e3o tamb\u00e9m esteve com dirigentes da Telef\u00f3nica, em Madrid,\u00a0na segunda-feira (20), discutindo detalhes do sistema desenvolvido pela empresa para opera\u00e7\u00e3o e gest\u00e3o de sistemas de monitoramento, controle e gest\u00e3o de emerg\u00eancias, tendo em vista sua prov\u00e1vel participa\u00e7\u00e3o no processo licitat\u00f3rio a ser realizado pelo Governo da Bahia.<\/p>\n<p>Por fim, a miss\u00e3o se reuniu com a Amara, empresa do setor de energia solar fotovoltaica, quando discutiu aspectos ligados \u00e0 sua vinda para a Bahia, em parceria com a Iberdrola. \u201cNesta reuni\u00e3o, o Governo da Bahia apresentou o mercado de solar de nosso Estado, os incentivos para a implanta\u00e7\u00e3o de sistemas fotovoltaicos em pr\u00e9dios p\u00fablicos e para a produ\u00e7\u00e3o local de equipamentos, bem como o nosso\u00a0interesse\u00a0em contratar servi\u00e7os de energia el\u00e9trica de fonte solar fotovoltaica no modelo de gera\u00e7\u00e3o distribu\u00edda\u201d, destacou Paulo Guimar\u00e3es. A Amara confirmou o interesse em vir para a Bahia e seu CEO, Pablo Antu, estar\u00e1 em Salvador nesta quinta-feira (23) para reuni\u00f5es com o Governo da Bahia.<\/p>\n<p>&nbsp;<\/p>\n<p>&nbsp;<\/p>\n","protected":false},"excerpt":{"rendered":"<p>Uma miss\u00e3o liderada pelo secret\u00e1rio do Planejamento do Estado, Walter Pinheiro, visitou\u00a0 o Centro de Emerg\u00eancias 112 de Madrid (Espanha), com o objetivo de conhecer o sistema de gest\u00e3o e de implanta\u00e7\u00e3o da unidade. Junto com o superintendente de Atra\u00e7\u00e3o de Neg\u00f3cios da Secretaria de Desenvolvimento Econ\u00f4mico (SDE), Paulo Guimar\u00e3es, e o chefe de Gabinete [&hellip;]<\/p>\n","protected":false},"author":2,"featured_media":0,"comment_status":"open","ping_status":"open","sticky":false,"template":"","format":"standard","meta":{"_links_to":"","_links_to_target":""},"categories":[1],"tags":[24451,258,16,4431,545],"_links":{"self":[{"href":"https:\/\/www.blogdothame.blog.br\/v1\/wp-json\/wp\/v2\/posts\/90325"}],"collection":[{"href":"https:\/\/www.blogdothame.blog.br\/v1\/wp-json\/wp\/v2\/posts"}],"about":[{"href":"https:\/\/www.blogdothame.blog.br\/v1\/wp-json\/wp\/v2\/types\/post"}],"author":[{"embeddable":true,"href":"https:\/\/www.blogdothame.blog.br\/v1\/wp-json\/wp\/v2\/users\/2"}],"replies":[{"embeddable":true,"href":"https:\/\/www.blogdothame.blog.br\/v1\/wp-json\/wp\/v2\/comments?post=90325"}],"version-history":[{"count":1,"href":"https:\/\/www.blogdothame.blog.br\/v1\/wp-json\/wp\/v2\/posts\/90325\/revisions"}],"predecessor-version":[{"id":90328,"href":"https:\/\/www.blogdothame.blog.br\/v1\/wp-json\/wp\/v2\/posts\/90325\/revisions\/90328"}],"wp:attachment":[{"href":"https:\/\/www.blogdothame.blog.br\/v1\/wp-json\/wp\/v2\/media?parent=90325"}],"wp:term":[{"taxonomy":"category","embeddable":true,"href":"https:\/\/www.blogdothame.blog.br\/v1\/wp-json\/wp\/v2\/categories?post=90325"},{"taxonomy":"post_tag","embeddable":true,"href":"https:\/\/www.blogdothame.blog.br\/v1\/wp-json\/wp\/v2\/tags?post=90325"}],"curies":[{"name":"wp","href":"https:\/\/api.w.org\/{rel}","templated":true}]}}