{"id":90319,"date":"2019-05-23T09:29:10","date_gmt":"2019-05-23T12:29:10","guid":{"rendered":"http:\/\/www.blogdothame.blog.br\/v1\/?p=90319"},"modified":"2019-05-22T15:31:42","modified_gmt":"2019-05-22T18:31:42","slug":"ciclicas-variete-celebra-primeiro-ano-do-grupo-as-madalenas","status":"publish","type":"post","link":"https:\/\/www.blogdothame.blog.br\/v1\/2019\/05\/23\/ciclicas-variete-celebra-primeiro-ano-do-grupo-as-madalenas\/","title":{"rendered":"C\u00edclicas Variet\u00e9 celebra primeiro ano  do grupo As Madalenas"},"content":{"rendered":"<p style=\"text-align: right;\"><strong>Karoline Vital<\/strong><\/p>\n<p style=\"text-align: right;\">\n<p><img loading=\"lazy\" class=\"aligncenter  wp-image-90320\" src=\"http:\/\/www.blogdothame.blog.br\/v1\/wp-content\/uploads\/2019\/05\/As-Madalenas-foto-Hernan-Longo.jpg\" alt=\"As Madalenas - foto Hernan Longo\" width=\"403\" height=\"311\" srcset=\"https:\/\/www.blogdothame.blog.br\/v1\/wp-content\/uploads\/2019\/05\/As-Madalenas-foto-Hernan-Longo.jpg 996w, https:\/\/www.blogdothame.blog.br\/v1\/wp-content\/uploads\/2019\/05\/As-Madalenas-foto-Hernan-Longo-300x231.jpg 300w\" sizes=\"(max-width: 403px) 100vw, 403px\" \/><\/p>\n<p>H\u00e1 cerca de um ano, um grupo de mulheres se reuniu para uma s\u00e9rie de oficinas de palha\u00e7aria. Desses encontros sobre a comicidade, t\u00e9cnicas de interpreta\u00e7\u00e3o e reflex\u00f5es sobre o papel feminino no humor,\u00a0 surgiu As Madalenas. Formado exclusivamente por palha\u00e7as, o grupo celebra seu primeiro anivers\u00e1rio com o espet\u00e1culo\u00a0<em>C\u00edclicas Variet\u00e9<\/em>, que acontece nesta sexta-feira (24) \u00e0s 19 horas, no Espa\u00e7o Cultural Dilazenze, bairro da Conquista. A entrada \u00e9 franca e a classifica\u00e7\u00e3o \u00e9 livre.<\/p>\n<p>Como uma festa de anivers\u00e1rio n\u00e3o acontece sem a presen\u00e7a de convidados, o grupo As Madalenas ser\u00e1 o anfitri\u00e3o para receber uma s\u00e9rie de performances em seu show de variedades.\u00a0<em>C\u00edclicas Variet\u00e9<\/em>\u00a0contar\u00e1 com as presen\u00e7as de Irm\u00e3os Batuque, N\u00facleo Drag Queen do Grupo Teatro\/Circo Maktub e apresenta\u00e7\u00f5es de dan\u00e7a do ventre de Camile Pena e Carol Borges do Est\u00fadio Aisha Gaby. \u201cAgradecemos o Espa\u00e7o Cultural Dilazenze por ceder o palco para este encontro que promete ser uma divertida confraterniza\u00e7\u00e3o entre artistas e p\u00fablico\u201d, declarou a diretora art\u00edstica Driely Alves.<\/p>\n<p>O elenco do grupo As Madalenas \u00e9 formado por integrantes de diferentes gera\u00e7\u00f5es, tendo a mais jovem 12 anos e a mais experiente 71 anos. Periodicamente, as integrantes se encontram periodicamente para realiza\u00e7\u00e3o de oficinas e cria\u00e7\u00e3o de n\u00fameros c\u00f4micos. \u201cSomos o primeiro grupo de Ilh\u00e9us formado, exclusivamente, por palha\u00e7as. Estamos em constante processo de amadurecimento, estudando, trocando experi\u00eancias com outros artistas e vivenciando a palha\u00e7aria atrav\u00e9s da \u00f3tica feminina\u201d, destaca Driely Alves.<\/p>\n","protected":false},"excerpt":{"rendered":"<p>Karoline Vital H\u00e1 cerca de um ano, um grupo de mulheres se reuniu para uma s\u00e9rie de oficinas de palha\u00e7aria. Desses encontros sobre a comicidade, t\u00e9cnicas de interpreta\u00e7\u00e3o e reflex\u00f5es sobre o papel feminino no humor,\u00a0 surgiu As Madalenas. Formado exclusivamente por palha\u00e7as, o grupo celebra seu primeiro anivers\u00e1rio com o espet\u00e1culo\u00a0C\u00edclicas Variet\u00e9, que acontece [&hellip;]<\/p>\n","protected":false},"author":2,"featured_media":0,"comment_status":"open","ping_status":"open","sticky":false,"template":"","format":"standard","meta":{"_links_to":"","_links_to_target":""},"categories":[1],"tags":[24449,24450,218],"_links":{"self":[{"href":"https:\/\/www.blogdothame.blog.br\/v1\/wp-json\/wp\/v2\/posts\/90319"}],"collection":[{"href":"https:\/\/www.blogdothame.blog.br\/v1\/wp-json\/wp\/v2\/posts"}],"about":[{"href":"https:\/\/www.blogdothame.blog.br\/v1\/wp-json\/wp\/v2\/types\/post"}],"author":[{"embeddable":true,"href":"https:\/\/www.blogdothame.blog.br\/v1\/wp-json\/wp\/v2\/users\/2"}],"replies":[{"embeddable":true,"href":"https:\/\/www.blogdothame.blog.br\/v1\/wp-json\/wp\/v2\/comments?post=90319"}],"version-history":[{"count":1,"href":"https:\/\/www.blogdothame.blog.br\/v1\/wp-json\/wp\/v2\/posts\/90319\/revisions"}],"predecessor-version":[{"id":90321,"href":"https:\/\/www.blogdothame.blog.br\/v1\/wp-json\/wp\/v2\/posts\/90319\/revisions\/90321"}],"wp:attachment":[{"href":"https:\/\/www.blogdothame.blog.br\/v1\/wp-json\/wp\/v2\/media?parent=90319"}],"wp:term":[{"taxonomy":"category","embeddable":true,"href":"https:\/\/www.blogdothame.blog.br\/v1\/wp-json\/wp\/v2\/categories?post=90319"},{"taxonomy":"post_tag","embeddable":true,"href":"https:\/\/www.blogdothame.blog.br\/v1\/wp-json\/wp\/v2\/tags?post=90319"}],"curies":[{"name":"wp","href":"https:\/\/api.w.org\/{rel}","templated":true}]}}