{"id":90271,"date":"2019-05-22T09:14:02","date_gmt":"2019-05-22T12:14:02","guid":{"rendered":"http:\/\/www.blogdothame.blog.br\/v1\/?p=90271"},"modified":"2019-05-22T10:54:26","modified_gmt":"2019-05-22T13:54:26","slug":"rui-no-balanco-geral-da-tv-cabralia","status":"publish","type":"post","link":"https:\/\/www.blogdothame.blog.br\/v1\/2019\/05\/22\/rui-no-balanco-geral-da-tv-cabralia\/","title":{"rendered":"Rui no Balan\u00e7o Geral da TV Cabr\u00e1lia"},"content":{"rendered":"<p>&nbsp;<\/p>\n<p><img loading=\"lazy\" class=\"aligncenter  wp-image-90272\" src=\"http:\/\/www.blogdothame.blog.br\/v1\/wp-content\/uploads\/2019\/05\/PHOTO-2019-05-21-12-28-02-2-768x1024.jpg\" alt=\"PHOTO-2019-05-21-12-28-02 (2)\" width=\"321\" height=\"429\" srcset=\"https:\/\/www.blogdothame.blog.br\/v1\/wp-content\/uploads\/2019\/05\/PHOTO-2019-05-21-12-28-02-2-768x1024.jpg 768w, https:\/\/www.blogdothame.blog.br\/v1\/wp-content\/uploads\/2019\/05\/PHOTO-2019-05-21-12-28-02-2-225x300.jpg 225w, https:\/\/www.blogdothame.blog.br\/v1\/wp-content\/uploads\/2019\/05\/PHOTO-2019-05-21-12-28-02-2.jpg 960w\" sizes=\"(max-width: 321px) 100vw, 321px\" \/><\/p>\n<p>O programa Balan\u00e7o Geral da Record\/TV Cabr\u00e1lia apresenta hoje uma\u00a0 entrevista exclusiva com o governador Rui Costa.<\/p>\n<p>A entrevista foi feita em Salvador pelo apresentador Tom Ribeiro e o governador aborda temas como as obras da nova Ponte Ilheus-Pontal, do Teatro de Itabuna e da Policl\u00ednica Regional, al\u00e9m de projetos como o Porto Sul e a duplica\u00e7\u00e3o da rodovia Ilh\u00e9us-Itabuna, al\u00e9m de quest\u00f5es como Educa\u00e7\u00e3o e Seguran\u00e7a P\u00fablica.<\/p>\n<p>O Balan\u00e7o Geral, que \u00e9 l\u00edder de audi\u00eancia em todo o Sul da Bahia, \u00a0come\u00e7a \u00e0s 11:50 horas.<\/p>\n<p>&nbsp;<\/p>\n","protected":false},"excerpt":{"rendered":"<p>&nbsp; O programa Balan\u00e7o Geral da Record\/TV Cabr\u00e1lia apresenta hoje uma\u00a0 entrevista exclusiva com o governador Rui Costa. A entrevista foi feita em Salvador pelo apresentador Tom Ribeiro e o governador aborda temas como as obras da nova Ponte Ilheus-Pontal, do Teatro de Itabuna e da Policl\u00ednica Regional, al\u00e9m de projetos como o Porto Sul [&hellip;]<\/p>\n","protected":false},"author":2,"featured_media":0,"comment_status":"open","ping_status":"open","sticky":false,"template":"","format":"standard","meta":{"_links_to":"","_links_to_target":""},"categories":[1],"tags":[],"_links":{"self":[{"href":"https:\/\/www.blogdothame.blog.br\/v1\/wp-json\/wp\/v2\/posts\/90271"}],"collection":[{"href":"https:\/\/www.blogdothame.blog.br\/v1\/wp-json\/wp\/v2\/posts"}],"about":[{"href":"https:\/\/www.blogdothame.blog.br\/v1\/wp-json\/wp\/v2\/types\/post"}],"author":[{"embeddable":true,"href":"https:\/\/www.blogdothame.blog.br\/v1\/wp-json\/wp\/v2\/users\/2"}],"replies":[{"embeddable":true,"href":"https:\/\/www.blogdothame.blog.br\/v1\/wp-json\/wp\/v2\/comments?post=90271"}],"version-history":[{"count":3,"href":"https:\/\/www.blogdothame.blog.br\/v1\/wp-json\/wp\/v2\/posts\/90271\/revisions"}],"predecessor-version":[{"id":90286,"href":"https:\/\/www.blogdothame.blog.br\/v1\/wp-json\/wp\/v2\/posts\/90271\/revisions\/90286"}],"wp:attachment":[{"href":"https:\/\/www.blogdothame.blog.br\/v1\/wp-json\/wp\/v2\/media?parent=90271"}],"wp:term":[{"taxonomy":"category","embeddable":true,"href":"https:\/\/www.blogdothame.blog.br\/v1\/wp-json\/wp\/v2\/categories?post=90271"},{"taxonomy":"post_tag","embeddable":true,"href":"https:\/\/www.blogdothame.blog.br\/v1\/wp-json\/wp\/v2\/tags?post=90271"}],"curies":[{"name":"wp","href":"https:\/\/api.w.org\/{rel}","templated":true}]}}