{"id":90209,"date":"2019-05-21T07:14:33","date_gmt":"2019-05-21T10:14:33","guid":{"rendered":"http:\/\/www.blogdothame.blog.br\/v1\/?p=90209"},"modified":"2019-05-20T17:25:47","modified_gmt":"2019-05-20T20:25:47","slug":"comeca-a-matricula-do-pre-vestibular-universidade-para-todos","status":"publish","type":"post","link":"https:\/\/www.blogdothame.blog.br\/v1\/2019\/05\/21\/comeca-a-matricula-do-pre-vestibular-universidade-para-todos\/","title":{"rendered":"Come\u00e7a  a matr\u00edcula do pr\u00e9-vestibular Universidade Para Todos"},"content":{"rendered":"<p>A matr\u00edcula para o cursinho pr\u00e9-vestibular Universidade para Todos come\u00e7a nesta ter\u00e7a-feira (21) e segue sexta (24),\u00a0no local e turno para os quais o aluno optou para cursar. O programa \u00e9 ofertados pela Secretaria da Educa\u00e7\u00e3o do Estado em parceria com as universidades\u00a0estaduais (UNEB, UESC, UEFS e UESB) e tem como objetivo o fortalecimento da pol\u00edtica de acesso \u00e0 Educa\u00e7\u00e3o Superior. Neste ano, foram inscritos\u00a032.711 estudantes de todo\u00a0o Estado para as 11.505 vagas ofertadas. As aulas ir\u00e3o come\u00e7ar no dia 27 deste m\u00eas e seguem at\u00e9 dezembro.<\/p>\n<p>&nbsp;<\/p>\n<p>No ato da matr\u00edcula, o estudante classificado dever\u00e1 apresentar os documentos expressos no edital, dentre os quais os documentos pessoais e os hist\u00f3ricos escolares do Fundamental II e do Ensino M\u00e9dio. Al\u00e9m das aulas, os alunos t\u00eam acesso aos projetos complementares, como semin\u00e1rios, oficinas, simulados, revis\u00e3o para o Exame Nacional do Ensino M\u00e9dio (ENEM) e orienta\u00e7\u00e3o vocacional. Para os cursistas da UNEB e UESB, que obtiverem frequ\u00eancia superior a 75% nas aulas, est\u00e1 garantida a isen\u00e7\u00e3o da taxa de inscri\u00e7\u00e3o no vestibular.<\/p>\n<p><!--more--><\/p>\n<p>Para a execu\u00e7\u00e3o do projeto, ser\u00e3o selecionados pelas universidades parcerias, 1.034 estudantes universit\u00e1rios que atuar\u00e3o como professores\/monitores. Esta \u00e9 mais uma pol\u00edtica p\u00fablica educacional desenvolvida pela Secretaria da Educa\u00e7\u00e3o do Estado voltada para a juventude, de modo a oportunizar aos universit\u00e1rios a viv\u00eancia do exerc\u00edcio da doc\u00eancia. Durante a execu\u00e7\u00e3o do programa, esses alunos ser\u00e3o acompanhados e passar\u00e3o por forma\u00e7\u00e3o.<\/p>\n<p>&nbsp;<\/p>\n<p>O cursinho pr\u00e9-vestibular \u00e9 voltado a estudantes matriculados, em 2019, no 3\u00ba ano do Ensino M\u00e9dio Regular estadual ou municipal ou nas suas modalidades correspondentes; aos matriculados, em 2019, no 4\u00ba ano da Educa\u00e7\u00e3o Profissional integrada ao Ensino M\u00e9dio da rede estadual ou municipal ou nas suas modalidades correspondentes; e nos egressos do Ensino M\u00e9dio estadual ou municipal do Estado da Bahia. Marcado pela abrang\u00eancia nos 27 Territ\u00f3rios de Identidade, o programa j\u00e1 possibilitou a cerca de 20 mil estudantes o ingresso no Ensino Superior em diversas institui\u00e7\u00f5es, ao longo de dez anos.<\/p>\n","protected":false},"excerpt":{"rendered":"<p>A matr\u00edcula para o cursinho pr\u00e9-vestibular Universidade para Todos come\u00e7a nesta ter\u00e7a-feira (21) e segue sexta (24),\u00a0no local e turno para os quais o aluno optou para cursar. O programa \u00e9 ofertados pela Secretaria da Educa\u00e7\u00e3o do Estado em parceria com as universidades\u00a0estaduais (UNEB, UESC, UEFS e UESB) e tem como objetivo o fortalecimento da [&hellip;]<\/p>\n","protected":false},"author":2,"featured_media":0,"comment_status":"open","ping_status":"open","sticky":false,"template":"","format":"standard","meta":{"_links_to":"","_links_to_target":""},"categories":[1],"tags":[8671,21544],"_links":{"self":[{"href":"https:\/\/www.blogdothame.blog.br\/v1\/wp-json\/wp\/v2\/posts\/90209"}],"collection":[{"href":"https:\/\/www.blogdothame.blog.br\/v1\/wp-json\/wp\/v2\/posts"}],"about":[{"href":"https:\/\/www.blogdothame.blog.br\/v1\/wp-json\/wp\/v2\/types\/post"}],"author":[{"embeddable":true,"href":"https:\/\/www.blogdothame.blog.br\/v1\/wp-json\/wp\/v2\/users\/2"}],"replies":[{"embeddable":true,"href":"https:\/\/www.blogdothame.blog.br\/v1\/wp-json\/wp\/v2\/comments?post=90209"}],"version-history":[{"count":1,"href":"https:\/\/www.blogdothame.blog.br\/v1\/wp-json\/wp\/v2\/posts\/90209\/revisions"}],"predecessor-version":[{"id":90210,"href":"https:\/\/www.blogdothame.blog.br\/v1\/wp-json\/wp\/v2\/posts\/90209\/revisions\/90210"}],"wp:attachment":[{"href":"https:\/\/www.blogdothame.blog.br\/v1\/wp-json\/wp\/v2\/media?parent=90209"}],"wp:term":[{"taxonomy":"category","embeddable":true,"href":"https:\/\/www.blogdothame.blog.br\/v1\/wp-json\/wp\/v2\/categories?post=90209"},{"taxonomy":"post_tag","embeddable":true,"href":"https:\/\/www.blogdothame.blog.br\/v1\/wp-json\/wp\/v2\/tags?post=90209"}],"curies":[{"name":"wp","href":"https:\/\/api.w.org\/{rel}","templated":true}]}}