{"id":90187,"date":"2019-05-20T17:50:17","date_gmt":"2019-05-20T20:50:17","guid":{"rendered":"http:\/\/www.blogdothame.blog.br\/v1\/?p=90187"},"modified":"2019-05-20T17:47:21","modified_gmt":"2019-05-20T20:47:21","slug":"foco-e-atrair-investimentos-que-gerem-emprego-diz-rui-sobre-missao-internacional","status":"publish","type":"post","link":"https:\/\/www.blogdothame.blog.br\/v1\/2019\/05\/20\/foco-e-atrair-investimentos-que-gerem-emprego-diz-rui-sobre-missao-internacional\/","title":{"rendered":"Foco \u00e9 atrair investimentos que gerem emprego, diz Rui sobre miss\u00e3o internacional"},"content":{"rendered":"<p><img loading=\"lazy\" class=\"aligncenter  wp-image-90190\" src=\"http:\/\/www.blogdothame.blog.br\/v1\/wp-content\/uploads\/2019\/05\/viagem-1.jpg\" alt=\"viagem 1\" width=\"395\" height=\"263\" srcset=\"https:\/\/www.blogdothame.blog.br\/v1\/wp-content\/uploads\/2019\/05\/viagem-1.jpg 512w, https:\/\/www.blogdothame.blog.br\/v1\/wp-content\/uploads\/2019\/05\/viagem-1-300x200.jpg 300w\" sizes=\"(max-width: 395px) 100vw, 395px\" \/><\/p>\n<p>Em almo\u00e7o com profissionais da imprensa baiana, nesta segunda-feira (20), o governador Rui Costa contou detalhes da 6\u00b0 miss\u00e3o internacional, realizada entre 5 e 16 de maio. A viagem teve passagens pelos Estados Unidos e China e rendeu acordos que v\u00e3o atrair mais de US$ 7,4 bilh\u00f5es em investimentos para a Bahia. A maior parte do montante ser\u00e1 aplicada pela chinesa Easteel em um projeto de desenvolvimento integrado, com a gera\u00e7\u00e3o de 30 mil empregos diretos.<\/p>\n<p><img loading=\"lazy\" class=\"alignright size-medium wp-image-90188\" src=\"http:\/\/www.blogdothame.blog.br\/v1\/wp-content\/uploads\/2019\/05\/viagem-2-300x200.jpg\" alt=\"viagem 2\" width=\"300\" height=\"200\" srcset=\"https:\/\/www.blogdothame.blog.br\/v1\/wp-content\/uploads\/2019\/05\/viagem-2-300x200.jpg 300w, https:\/\/www.blogdothame.blog.br\/v1\/wp-content\/uploads\/2019\/05\/viagem-2.jpg 512w\" sizes=\"(max-width: 300px) 100vw, 300px\" \/>\u201cVolto com boas not\u00edcias para a Bahia. S\u00e3o v\u00e1rios investimentos anunciados. Um deles ser\u00e1 um complexo com ind\u00fastria sider\u00fargica, f\u00e1brica de cimento e gera\u00e7\u00e3o de energia. Tamb\u00e9m temos a amplia\u00e7\u00e3o dos investimentos em energia solar e e\u00f3lica, al\u00e9m de uma f\u00e1brica nova de \u00e1cido sulf\u00farico no Polo Petroqu\u00edmico de Cama\u00e7ari. Vamos trabalhar para acelerar o in\u00edcio desses projetos, para que a gente possa gerar empregos e dar vida digna \u00e0s pessoas\u201d, afirmou o governador.<\/p>\n<p>Durante o almo\u00e7o, realizado na Governadoria, em Salvador, Rui tamb\u00e9m comentou o andamento do processo para a constru\u00e7\u00e3o do Ve\u00edculo Leve de Transporte (VLT), que ligar\u00e1 o Com\u00e9rcio, em Salvador, at\u00e9 a Ilha de S\u00e3o Jo\u00e3o, em Sim\u00f5es Filho. Na China, o governador se reuniu com membros da empresa Build Your Dreams (BYD), que forma, juntamente com a Metrogreen, o cons\u00f3rcio Skyrail Bahia, cujo contrato com o Governo do Estado foi assinado em fevereiro deste ano.<\/p>\n<p>\u201cN\u00f3s discutimos [com a BYD] o calend\u00e1rio e os detalhes de implanta\u00e7\u00e3o do projeto, que eles devem me entregar at\u00e9 o fim desta semana para ser aprovado. A estimativa \u00e9 que eles possam iniciar as obras do VLT j\u00e1 nesse segundo semestre. Aproveitando a oportunidade, n\u00f3s tamb\u00e9m conversamos sobre a possibilidade deles implantarem alguma unidade produtiva da Bahia para a produ\u00e7\u00e3o de placas solares\u201d, disse.<\/p>\n<p><!--more--><\/p>\n<p>EUA<\/p>\n<p><img loading=\"lazy\" class=\"alignleft size-medium wp-image-90189\" src=\"http:\/\/www.blogdothame.blog.br\/v1\/wp-content\/uploads\/2019\/05\/viagem-3-300x200.jpg\" alt=\"viagem 3\" width=\"300\" height=\"200\" srcset=\"https:\/\/www.blogdothame.blog.br\/v1\/wp-content\/uploads\/2019\/05\/viagem-3-300x200.jpg 300w, https:\/\/www.blogdothame.blog.br\/v1\/wp-content\/uploads\/2019\/05\/viagem-3.jpg 512w\" sizes=\"(max-width: 300px) 100vw, 300px\" \/>A miss\u00e3o foi iniciada em Washington, no dia 8, quando Rui assinou um memorando de entendimentos com a Forever Oceans, que pretende investir US$ 60 milh\u00f5es na cria\u00e7\u00e3o de peixes na costa de Ilh\u00e9us. J\u00e1 no dia 10, ele esteve com representantes da Unigel e da General Electric (GE) em Nova York.<\/p>\n<p>Segunda maior petroqu\u00edmica do pa\u00eds, a Unigel anunciou que vai investir US$ 90 milh\u00f5es em uma unidade de produ\u00e7\u00e3o de \u00e1cido sulf\u00farico no Polo Industrial de Cama\u00e7ari. Enquanto a GE apresentou ao governador um projeto para fabrica\u00e7\u00e3o de aerogeradores mais modernos, tamb\u00e9m no Polo de Cama\u00e7ari, a fim de suprir demandas nacionais e internacionais.<\/p>\n<p>Ainda nos EUA, Rui dialogou sobre financiamentos com o Banco Interamericano de Desenvolvimento (BID) e o Banco Mundial para a amplia\u00e7\u00e3o de programas nas \u00e1reas de tecnologia, educa\u00e7\u00e3o, abastecimento de \u00e1gua e sa\u00fade, como a segunda fase do Programa de Fortalecimento do SUS (PROSUS) na Regi\u00e3o Metropolitana de Salvador (RMS).<\/p>\n<p>China<\/p>\n<p>Na segunda etapa da miss\u00e3o, o governador desembarcou em Pequim. No domingo (12), ele conheceu a tecnologia empregada pela Face Plus Plus no reconhecimento facial. A empresa tamb\u00e9m revelou interesse em participar da licita\u00e7\u00e3o do Governo do Estado que visa \u00e0 contrata\u00e7\u00e3o do servi\u00e7o para a \u00e1rea de seguran\u00e7a em 55 cidades baianas.<\/p>\n<p>No dia 13, Rui assinou um memorando de entendimento com a Easteel. A empresa pretende investir US$ 7 bilh\u00f5es na constru\u00e7\u00e3o de um grande parque industrial integrado, composto por sider\u00fargica, usina de energia e diversas unidades fabris, al\u00e9m da revitaliza\u00e7\u00e3o do Porto de Aratu e da constru\u00e7\u00e3o de uma cidade inteligente nas proximidades do parque industrial.<\/p>\n<p>Tamb\u00e9m no dia 13, em Pequim, a China Communications Construction Company (CCCC) e a China Railway Group Limited (Crec) confirmaram ao governador o interesse em participar da licita\u00e7\u00e3o para constru\u00e7\u00e3o da Ponte Salvador-Itaparica e execu\u00e7\u00e3o do Sistema Vi\u00e1rio Oeste (SVO).<\/p>\n<p>J\u00e1 em Shenzhen, no dia 14, Rui apresentou no F\u00f3rum Smart City, um dos mais importantes eventos de tecnologia do mundo, a experi\u00eancia exitosa do Governo do Estado no projeto de reconhecimento facial. Ainda no dia 14, ele utilizou as redes sociais para anunciar que a chinesa CGN Energy International Holdings investir\u00e1 US$ 243 milh\u00f5es em energia solar e e\u00f3lica na Bahia. Encerrando a miss\u00e3o, na \u00faltima quarta-feira (15), o governador discutiu ajustes com a BYD para a conclus\u00e3o do projeto conceitual do VLT.\u00a0 (Fotos: Carol Garcia\/GOVBA)<\/p>\n","protected":false},"excerpt":{"rendered":"<p>Em almo\u00e7o com profissionais da imprensa baiana, nesta segunda-feira (20), o governador Rui Costa contou detalhes da 6\u00b0 miss\u00e3o internacional, realizada entre 5 e 16 de maio. A viagem teve passagens pelos Estados Unidos e China e rendeu acordos que v\u00e3o atrair mais de US$ 7,4 bilh\u00f5es em investimentos para a Bahia. A maior parte [&hellip;]<\/p>\n","protected":false},"author":2,"featured_media":0,"comment_status":"open","ping_status":"open","sticky":false,"template":"","format":"standard","meta":{"_links_to":"","_links_to_target":""},"categories":[1],"tags":[966,5783,615,24425],"_links":{"self":[{"href":"https:\/\/www.blogdothame.blog.br\/v1\/wp-json\/wp\/v2\/posts\/90187"}],"collection":[{"href":"https:\/\/www.blogdothame.blog.br\/v1\/wp-json\/wp\/v2\/posts"}],"about":[{"href":"https:\/\/www.blogdothame.blog.br\/v1\/wp-json\/wp\/v2\/types\/post"}],"author":[{"embeddable":true,"href":"https:\/\/www.blogdothame.blog.br\/v1\/wp-json\/wp\/v2\/users\/2"}],"replies":[{"embeddable":true,"href":"https:\/\/www.blogdothame.blog.br\/v1\/wp-json\/wp\/v2\/comments?post=90187"}],"version-history":[{"count":1,"href":"https:\/\/www.blogdothame.blog.br\/v1\/wp-json\/wp\/v2\/posts\/90187\/revisions"}],"predecessor-version":[{"id":90191,"href":"https:\/\/www.blogdothame.blog.br\/v1\/wp-json\/wp\/v2\/posts\/90187\/revisions\/90191"}],"wp:attachment":[{"href":"https:\/\/www.blogdothame.blog.br\/v1\/wp-json\/wp\/v2\/media?parent=90187"}],"wp:term":[{"taxonomy":"category","embeddable":true,"href":"https:\/\/www.blogdothame.blog.br\/v1\/wp-json\/wp\/v2\/categories?post=90187"},{"taxonomy":"post_tag","embeddable":true,"href":"https:\/\/www.blogdothame.blog.br\/v1\/wp-json\/wp\/v2\/tags?post=90187"}],"curies":[{"name":"wp","href":"https:\/\/api.w.org\/{rel}","templated":true}]}}