{"id":90182,"date":"2019-05-20T12:32:59","date_gmt":"2019-05-20T15:32:59","guid":{"rendered":"http:\/\/www.blogdothame.blog.br\/v1\/?p=90182"},"modified":"2019-05-20T12:33:11","modified_gmt":"2019-05-20T15:33:11","slug":"rui-costa-assina-termo-de-unificacao-dos-terminais-que-garante-o-porto-sul","status":"publish","type":"post","link":"https:\/\/www.blogdothame.blog.br\/v1\/2019\/05\/20\/rui-costa-assina-termo-de-unificacao-dos-terminais-que-garante-o-porto-sul\/","title":{"rendered":"Rui Costa assina termo de unifica\u00e7\u00e3o dos terminais que garante o Porto Sul"},"content":{"rendered":"<p><img loading=\"lazy\" class=\"aligncenter  wp-image-90183\" src=\"http:\/\/www.blogdothame.blog.br\/v1\/wp-content\/uploads\/2019\/05\/porto-sul-1024x514.jpg\" alt=\"porto sul\" width=\"494\" height=\"248\" srcset=\"https:\/\/www.blogdothame.blog.br\/v1\/wp-content\/uploads\/2019\/05\/porto-sul-1024x514.jpg 1024w, https:\/\/www.blogdothame.blog.br\/v1\/wp-content\/uploads\/2019\/05\/porto-sul-300x151.jpg 300w, https:\/\/www.blogdothame.blog.br\/v1\/wp-content\/uploads\/2019\/05\/porto-sul.jpg 1280w\" sizes=\"(max-width: 494px) 100vw, 494px\" \/><\/p>\n<p>Nesta ter\u00e7a-feira (21), \u00e0s 10h, o governador Rui Costa e representantes da Bahia Minera\u00e7\u00e3o (Bamin), assinam o termo de unifica\u00e7\u00e3o dos terminais do Porto Sul e a constitui\u00e7\u00e3o da Sociedade de Prop\u00f3sito Especifico (SPE) para a constru\u00e7\u00e3o do equipamento, localizado em Ilh\u00e9us. O evento acontecer\u00e1 no Sal\u00e3o de Atos da Governadoria, no Centro Administrativo da Bahia (CAB).<\/p>\n<p>Com a assinatura do termo, a expectativa \u00e9 que as obras iniciem no segundo semestre de 2019. Resultado de investimentos superiores a R$ 2,5 bilh\u00f5es, o Porto Sul possui todas as licen\u00e7as ambientais necess\u00e1rias para implanta\u00e7\u00e3o.<\/p>\n<p>O termo de unifica\u00e7\u00e3o garante o aumento da efici\u00eancia operacional do Porto, com o uso compartilhado das estruturas mar\u00edtimas e terrestres do empreendimento por parte do Estado e da Bamin e a capacidade de armazenamento e transporte de at\u00e9 41,5 milh\u00f5es de toneladas de min\u00e9rio de ferro\/ano.<\/p>\n","protected":false},"excerpt":{"rendered":"<p>Nesta ter\u00e7a-feira (21), \u00e0s 10h, o governador Rui Costa e representantes da Bahia Minera\u00e7\u00e3o (Bamin), assinam o termo de unifica\u00e7\u00e3o dos terminais do Porto Sul e a constitui\u00e7\u00e3o da Sociedade de Prop\u00f3sito Especifico (SPE) para a constru\u00e7\u00e3o do equipamento, localizado em Ilh\u00e9us. O evento acontecer\u00e1 no Sal\u00e3o de Atos da Governadoria, no Centro Administrativo da [&hellip;]<\/p>\n","protected":false},"author":2,"featured_media":0,"comment_status":"open","ping_status":"open","sticky":false,"template":"","format":"standard","meta":{"_links_to":"","_links_to_target":""},"categories":[1],"tags":[218,165,615,24423],"_links":{"self":[{"href":"https:\/\/www.blogdothame.blog.br\/v1\/wp-json\/wp\/v2\/posts\/90182"}],"collection":[{"href":"https:\/\/www.blogdothame.blog.br\/v1\/wp-json\/wp\/v2\/posts"}],"about":[{"href":"https:\/\/www.blogdothame.blog.br\/v1\/wp-json\/wp\/v2\/types\/post"}],"author":[{"embeddable":true,"href":"https:\/\/www.blogdothame.blog.br\/v1\/wp-json\/wp\/v2\/users\/2"}],"replies":[{"embeddable":true,"href":"https:\/\/www.blogdothame.blog.br\/v1\/wp-json\/wp\/v2\/comments?post=90182"}],"version-history":[{"count":1,"href":"https:\/\/www.blogdothame.blog.br\/v1\/wp-json\/wp\/v2\/posts\/90182\/revisions"}],"predecessor-version":[{"id":90184,"href":"https:\/\/www.blogdothame.blog.br\/v1\/wp-json\/wp\/v2\/posts\/90182\/revisions\/90184"}],"wp:attachment":[{"href":"https:\/\/www.blogdothame.blog.br\/v1\/wp-json\/wp\/v2\/media?parent=90182"}],"wp:term":[{"taxonomy":"category","embeddable":true,"href":"https:\/\/www.blogdothame.blog.br\/v1\/wp-json\/wp\/v2\/categories?post=90182"},{"taxonomy":"post_tag","embeddable":true,"href":"https:\/\/www.blogdothame.blog.br\/v1\/wp-json\/wp\/v2\/tags?post=90182"}],"curies":[{"name":"wp","href":"https:\/\/api.w.org\/{rel}","templated":true}]}}