{"id":90165,"date":"2019-05-19T09:10:55","date_gmt":"2019-05-19T12:10:55","guid":{"rendered":"http:\/\/www.blogdothame.blog.br\/v1\/?p=90165"},"modified":"2019-05-19T09:10:55","modified_gmt":"2019-05-19T12:10:55","slug":"encontro-de-radios-comunitarias-fortalece-comunicacao-regional","status":"publish","type":"post","link":"https:\/\/www.blogdothame.blog.br\/v1\/2019\/05\/19\/encontro-de-radios-comunitarias-fortalece-comunicacao-regional\/","title":{"rendered":"Encontro de r\u00e1dios comunit\u00e1rias fortalece comunica\u00e7\u00e3o regional"},"content":{"rendered":"<p><img loading=\"lazy\" class=\"aligncenter size-medium wp-image-90167\" src=\"http:\/\/www.blogdothame.blog.br\/v1\/wp-content\/uploads\/2019\/05\/abra\u00e7o-1-300x225.jpeg\" alt=\"abra\u00e7o 1\" width=\"300\" height=\"225\" srcset=\"https:\/\/www.blogdothame.blog.br\/v1\/wp-content\/uploads\/2019\/05\/abra\u00e7o-1-300x225.jpeg 300w, https:\/\/www.blogdothame.blog.br\/v1\/wp-content\/uploads\/2019\/05\/abra\u00e7o-1.jpeg 512w\" sizes=\"(max-width: 300px) 100vw, 300px\" \/><\/p>\n<p>Foi realizado na noite deste s\u00e1bado (18), em Ilh\u00e9us, o Encontro de R\u00e1dios Comunit\u00e1rias da Regi\u00e3o Sul, promovido pela Associa\u00e7\u00e3o Brasileira de R\u00e1dios Comunit\u00e1rias &#8211; Abra\u00e7o Bahia. O encontro reuniu cerca de 40 emissoras e discutiu temas como renova\u00e7\u00e3o de outorga, novas tecnologias, jornalismo regional, marco regulat\u00f3rio e legisla\u00e7\u00e3o de r\u00e1dios comunit\u00e1rias.<\/p>\n<p><img loading=\"lazy\" class=\"alignright size-medium wp-image-90166\" src=\"http:\/\/www.blogdothame.blog.br\/v1\/wp-content\/uploads\/2019\/05\/abra\u00e7o-2-300x169.jpeg\" alt=\"abra\u00e7o 2\" width=\"300\" height=\"169\" srcset=\"https:\/\/www.blogdothame.blog.br\/v1\/wp-content\/uploads\/2019\/05\/abra\u00e7o-2-300x169.jpeg 300w, https:\/\/www.blogdothame.blog.br\/v1\/wp-content\/uploads\/2019\/05\/abra\u00e7o-2.jpeg 512w\" sizes=\"(max-width: 300px) 100vw, 300px\" \/>O presidente da Abraco Bahia, Jairo Brito, destacou que \u201co evento \u00e9 importante para orientar sobre as novas normas do Minist\u00e9rio das Comunica\u00e7\u00f5es, integrar as emissoras e fortalecer a comunica\u00e7\u00e3o regional\u201d.<\/p>\n<p>O secretario de Comunica\u00e7\u00e3o do Estado da Bahia, Andr\u00e9 Curvello, participou de uma transmiss\u00e3o ao vivo, via internet, em que fez uma sauda\u00e7\u00e3o aos presentes e destacou o compromisso do Governo do Estado com a democratiza\u00e7\u00e3o do acesso a informa\u00e7\u00e3o e a valoriza\u00e7\u00e3o da m\u00eddia regional, um importante canal de comunica\u00e7\u00e3o junto \u00e0 comunidade baiana.<\/p>\n<p>A Bahia possui cerca de 400 radios comunit\u00e1rias legalizadas.<\/p>\n","protected":false},"excerpt":{"rendered":"<p>Foi realizado na noite deste s\u00e1bado (18), em Ilh\u00e9us, o Encontro de R\u00e1dios Comunit\u00e1rias da Regi\u00e3o Sul, promovido pela Associa\u00e7\u00e3o Brasileira de R\u00e1dios Comunit\u00e1rias &#8211; Abra\u00e7o Bahia. O encontro reuniu cerca de 40 emissoras e discutiu temas como renova\u00e7\u00e3o de outorga, novas tecnologias, jornalismo regional, marco regulat\u00f3rio e legisla\u00e7\u00e3o de r\u00e1dios comunit\u00e1rias. O presidente da [&hellip;]<\/p>\n","protected":false},"author":2,"featured_media":0,"comment_status":"open","ping_status":"open","sticky":false,"template":"","format":"standard","meta":{"_links_to":"","_links_to_target":""},"categories":[1],"tags":[12250,24421,24420,218,1270],"_links":{"self":[{"href":"https:\/\/www.blogdothame.blog.br\/v1\/wp-json\/wp\/v2\/posts\/90165"}],"collection":[{"href":"https:\/\/www.blogdothame.blog.br\/v1\/wp-json\/wp\/v2\/posts"}],"about":[{"href":"https:\/\/www.blogdothame.blog.br\/v1\/wp-json\/wp\/v2\/types\/post"}],"author":[{"embeddable":true,"href":"https:\/\/www.blogdothame.blog.br\/v1\/wp-json\/wp\/v2\/users\/2"}],"replies":[{"embeddable":true,"href":"https:\/\/www.blogdothame.blog.br\/v1\/wp-json\/wp\/v2\/comments?post=90165"}],"version-history":[{"count":1,"href":"https:\/\/www.blogdothame.blog.br\/v1\/wp-json\/wp\/v2\/posts\/90165\/revisions"}],"predecessor-version":[{"id":90168,"href":"https:\/\/www.blogdothame.blog.br\/v1\/wp-json\/wp\/v2\/posts\/90165\/revisions\/90168"}],"wp:attachment":[{"href":"https:\/\/www.blogdothame.blog.br\/v1\/wp-json\/wp\/v2\/media?parent=90165"}],"wp:term":[{"taxonomy":"category","embeddable":true,"href":"https:\/\/www.blogdothame.blog.br\/v1\/wp-json\/wp\/v2\/categories?post=90165"},{"taxonomy":"post_tag","embeddable":true,"href":"https:\/\/www.blogdothame.blog.br\/v1\/wp-json\/wp\/v2\/tags?post=90165"}],"curies":[{"name":"wp","href":"https:\/\/api.w.org\/{rel}","templated":true}]}}