{"id":90161,"date":"2019-05-18T07:00:20","date_gmt":"2019-05-18T10:00:20","guid":{"rendered":"http:\/\/www.blogdothame.blog.br\/v1\/?p=90161"},"modified":"2019-05-18T10:28:51","modified_gmt":"2019-05-18T13:28:51","slug":"governo-do-estado-promove-mais-de-22-mil-professores-da-carreira-do-magisterio-publico-estadual","status":"publish","type":"post","link":"https:\/\/www.blogdothame.blog.br\/v1\/2019\/05\/18\/governo-do-estado-promove-mais-de-22-mil-professores-da-carreira-do-magisterio-publico-estadual\/","title":{"rendered":"Governo do Estado promove mais de 22 mil professores da carreira do magist\u00e9rio p\u00fablico estadual"},"content":{"rendered":"<div>Como forma de valorizar a carreira do magist\u00e9rio p\u00fablico estadual, o Governo do Estado, por meio da Secretaria da Educa\u00e7\u00e3o, publicou neste s\u00e1bado (18), no Di\u00e1rio Oficial (D.O), a progress\u00e3o nos graus da carreira de 22.763 educadores da rede estadual de ensino. Com o mesmo objetivo tamb\u00e9m foi publicada, no Di\u00e1rio Oficial, a mudan\u00e7a de padr\u00e3o por conclus\u00e3o de cursos de p\u00f3s-gradua\u00e7\u00e3o (especializa\u00e7\u00e3o, mestrado e doutorado) de 754 educadores, sendo 731 professores e de 23 coordenadores pedag\u00f3gicos.<\/div>\n<div><img loading=\"lazy\" class=\"aligncenter size-medium wp-image-85965\" src=\"http:\/\/www.blogdothame.blog.br\/v1\/wp-content\/uploads\/2019\/01\/Prefeitura-abre-processo-seletivo-para-contrata\u00e7\u00e3o-tempor\u00e1ria-de-professore.-Fotos-Rodrigo-Macedo-11-300x211.jpg\" alt=\"Prefeitura abre processo seletivo para contrata\u00e7\u00e3o tempor\u00e1ria de professore. Fotos - Rodrigo Macedo-11\" width=\"300\" height=\"211\" srcset=\"https:\/\/www.blogdothame.blog.br\/v1\/wp-content\/uploads\/2019\/01\/Prefeitura-abre-processo-seletivo-para-contrata\u00e7\u00e3o-tempor\u00e1ria-de-professore.-Fotos-Rodrigo-Macedo-11-300x211.jpg 300w, https:\/\/www.blogdothame.blog.br\/v1\/wp-content\/uploads\/2019\/01\/Prefeitura-abre-processo-seletivo-para-contrata\u00e7\u00e3o-tempor\u00e1ria-de-professore.-Fotos-Rodrigo-Macedo-11.jpg 900w\" sizes=\"(max-width: 300px) 100vw, 300px\" \/><\/div>\n<div><\/div>\n<div>Ao todo, de 2015 a 2019, j\u00e1 foram concedidos pelo Estado mais de 100 mil benef\u00edcios, como gratifica\u00e7\u00e3o de est\u00edmulo ao aperfei\u00e7oamento profissional, promo\u00e7\u00e3o nos graus e progress\u00e3o funcional por avan\u00e7o vertical na carreira do magist\u00e9rio p\u00fablico estadual dos Ensino Fundamental e M\u00e9dio.<\/div>\n<div><\/div>\n<div><strong><a href=\"http:\/\/dovirtual.ba.gov.br\/egba\/reader2\/\" target=\"_blank\">&gt;&gt; Clique aqui para acessar o Di\u00e1rio Oficial<\/a><\/strong><\/div>\n<div><\/div>\n<div><\/div>\n<p><!--more--><\/p>\n<div>A progress\u00e3o da carreira contempla os 22.763 professores e coordenadores pedag\u00f3gicos que conclu\u00edram o curso on-line \u201cUso Pedag\u00f3gico de Tecnologias Educacionais\u201d, ofertado na modalidade \u00e0 dist\u00e2ncia no ambiente virtual da Universidade Federal da Bahia (UFBA). Com a promo\u00e7\u00e3o no grau da carreira do magist\u00e9rio, os educadores tiveram um ganho real de 14% no vencimento b\u00e1sico, divididos entre os anos de 2018 e 2019, sendo que 6% da promo\u00e7\u00e3o foram antecipados pela inscri\u00e7\u00e3o do modulo II, em setembro de 2018. O investimento total do Estado com a medida gira em torno de R$ 348 milh\u00f5es.<\/div>\n<div><\/div>\n<div><strong>Sobre o curso \u2013<\/strong>\u00a0As aulas do curso on-line, tamb\u00e9m conhecido como CATE 3, foram realizadas fazendo uso de uma estrutura tecnol\u00f3gica e metodol\u00f3gica que possibilitou aos professores e coordenadores pedag\u00f3gicos acess\u00e1-lo por meio de ambiente virtual de aprendizagem. O curso teve a carga hor\u00e1ria integral de 120 horas e foi constitu\u00eddo de dois m\u00f3dulos de 60h cada. O primeiro teve tr\u00eas etapas divididas em: Tecnologias Digitais da Informa\u00e7\u00e3o e Comunica\u00e7\u00e3o (TDIC) para a comunica\u00e7\u00e3o e coleta de dados; TDIC para Comunica\u00e7\u00e3o, Produ\u00e7\u00e3o e Colabora\u00e7\u00e3o; e Avalia\u00e7\u00e3o do M\u00f3dulo. O segundo m\u00f3dulo tamb\u00e9m teve tr\u00eas etapas divididos em: TDIC para Organiza\u00e7\u00e3o e Cria\u00e7\u00e3o; Ambientes Virtuais de Aprendizagem; e Avalia\u00e7\u00e3o do M\u00f3dulo.<\/div>\n","protected":false},"excerpt":{"rendered":"<p>Como forma de valorizar a carreira do magist\u00e9rio p\u00fablico estadual, o Governo do Estado, por meio da Secretaria da Educa\u00e7\u00e3o, publicou neste s\u00e1bado (18), no Di\u00e1rio Oficial (D.O), a progress\u00e3o nos graus da carreira de 22.763 educadores da rede estadual de ensino. Com o mesmo objetivo tamb\u00e9m foi publicada, no Di\u00e1rio Oficial, a mudan\u00e7a de [&hellip;]<\/p>\n","protected":false},"author":2,"featured_media":0,"comment_status":"open","ping_status":"open","sticky":false,"template":"","format":"standard","meta":{"_links_to":"","_links_to_target":""},"categories":[1],"tags":[16,1257,9874,9036],"_links":{"self":[{"href":"https:\/\/www.blogdothame.blog.br\/v1\/wp-json\/wp\/v2\/posts\/90161"}],"collection":[{"href":"https:\/\/www.blogdothame.blog.br\/v1\/wp-json\/wp\/v2\/posts"}],"about":[{"href":"https:\/\/www.blogdothame.blog.br\/v1\/wp-json\/wp\/v2\/types\/post"}],"author":[{"embeddable":true,"href":"https:\/\/www.blogdothame.blog.br\/v1\/wp-json\/wp\/v2\/users\/2"}],"replies":[{"embeddable":true,"href":"https:\/\/www.blogdothame.blog.br\/v1\/wp-json\/wp\/v2\/comments?post=90161"}],"version-history":[{"count":1,"href":"https:\/\/www.blogdothame.blog.br\/v1\/wp-json\/wp\/v2\/posts\/90161\/revisions"}],"predecessor-version":[{"id":90162,"href":"https:\/\/www.blogdothame.blog.br\/v1\/wp-json\/wp\/v2\/posts\/90161\/revisions\/90162"}],"wp:attachment":[{"href":"https:\/\/www.blogdothame.blog.br\/v1\/wp-json\/wp\/v2\/media?parent=90161"}],"wp:term":[{"taxonomy":"category","embeddable":true,"href":"https:\/\/www.blogdothame.blog.br\/v1\/wp-json\/wp\/v2\/categories?post=90161"},{"taxonomy":"post_tag","embeddable":true,"href":"https:\/\/www.blogdothame.blog.br\/v1\/wp-json\/wp\/v2\/tags?post=90161"}],"curies":[{"name":"wp","href":"https:\/\/api.w.org\/{rel}","templated":true}]}}