{"id":90141,"date":"2019-05-17T14:40:33","date_gmt":"2019-05-17T17:40:33","guid":{"rendered":"http:\/\/www.blogdothame.blog.br\/v1\/?p=90141"},"modified":"2019-05-17T15:56:34","modified_gmt":"2019-05-17T18:56:34","slug":"congresso-norte-nordeste-da-pequena-empresa-debate-empreendedorismo-com-desenvolvimento-sustentavel","status":"publish","type":"post","link":"https:\/\/www.blogdothame.blog.br\/v1\/2019\/05\/17\/congresso-norte-nordeste-da-pequena-empresa-debate-empreendedorismo-com-desenvolvimento-sustentavel\/","title":{"rendered":"Congresso Norte Nordeste da Pequena Empresa debate Empreendedorismo com Desenvolvimento Sustent\u00e1vel"},"content":{"rendered":"<p><img loading=\"lazy\" class=\"aligncenter size-medium wp-image-90143\" src=\"http:\/\/www.blogdothame.blog.br\/v1\/wp-content\/uploads\/2019\/05\/Autoridades-regionais-e-nacionais-FOTO-ASCOM-AMURC-3-300x165.jpeg\" alt=\"Autoridades regionais e nacionais FOTO ASCOM AMURC (3)\" width=\"300\" height=\"165\" srcset=\"https:\/\/www.blogdothame.blog.br\/v1\/wp-content\/uploads\/2019\/05\/Autoridades-regionais-e-nacionais-FOTO-ASCOM-AMURC-3-300x165.jpeg 300w, https:\/\/www.blogdothame.blog.br\/v1\/wp-content\/uploads\/2019\/05\/Autoridades-regionais-e-nacionais-FOTO-ASCOM-AMURC-3-1024x562.jpeg 1024w, https:\/\/www.blogdothame.blog.br\/v1\/wp-content\/uploads\/2019\/05\/Autoridades-regionais-e-nacionais-FOTO-ASCOM-AMURC-3.jpeg 1125w\" sizes=\"(max-width: 300px) 100vw, 300px\" \/><\/p>\n<p>O 10\u00ba Congresso Norte Nordeste da Pequena Empresa \u2013 Empreendedorismo com Desenvolvimento Sustent\u00e1vel foi aberto na manh\u00e3 desta sexta-feira, 17, no Audit\u00f3rio Paulo Souto, da Universidade Estadual de Santa Cruz (Uesc), com a participa\u00e7\u00e3o de estudantes, empreendedores, autoridades regionais e nacionais. O evento encerra nesta tarde, com uma s\u00e9rie de palestras t\u00e9cnicas ligados aos pequenos neg\u00f3cios.<\/p>\n<p><img loading=\"lazy\" class=\"alignleft  wp-image-90142\" src=\"http:\/\/www.blogdothame.blog.br\/v1\/wp-content\/uploads\/2019\/05\/FOTO-J\u00daLIA-BARRETO-6-300x200.jpeg\" alt=\"FOTO J\u00daLIA BARRETO (6)\" width=\"270\" height=\"180\" srcset=\"https:\/\/www.blogdothame.blog.br\/v1\/wp-content\/uploads\/2019\/05\/FOTO-J\u00daLIA-BARRETO-6-300x200.jpeg 300w, https:\/\/www.blogdothame.blog.br\/v1\/wp-content\/uploads\/2019\/05\/FOTO-J\u00daLIA-BARRETO-6-1024x682.jpeg 1024w, https:\/\/www.blogdothame.blog.br\/v1\/wp-content\/uploads\/2019\/05\/FOTO-J\u00daLIA-BARRETO-6.jpeg 1280w\" sizes=\"(max-width: 270px) 100vw, 270px\" \/>Durante a abertura, o presidente da Associa\u00e7\u00e3o das Micros e Pequenas Empresas da Bahia (Ampesba), Valdir Ribeiro destacou a participa\u00e7\u00e3o de representantes do Poder P\u00fablico da regi\u00e3o, de uma caravana vinda do Estado do Esp\u00edrito Santo, a presen\u00e7a de uma representante das mulheres empreendedoras de Blumenau \u2013 SC, Suzete Novaes, al\u00e9m de estudantes e empreendedores locais e regionais.<\/p>\n<p>Ainda na sua fala, Valdir agradeceu o apoio das empresas parceiras que contribu\u00edram para a realiza\u00e7\u00e3o do Congresso e citou a Amurc como uma importante ag\u00eancia de desenvolvimento e de fomento aos pequenos neg\u00f3cios. Segundo o coordenador executivo da Amurc, Luciano Veiga, \u201cos pequenos empreendedores movimentam a economia dos munic\u00edpios e possuem uma participa\u00e7\u00e3o efetiva no desenvolvimento local\u201d.<\/p>\n<p><!--more--><\/p>\n<p>No evento, o Pr\u00f3-reitor de Extens\u00e3o da Uesc, Alessandro Santana defendeu mais investimentos para a Educa\u00e7\u00e3o Superior nas institui\u00e7\u00f5es p\u00fablicas, tendo em vista o papel fundamental na forma\u00e7\u00e3o de futuros empreendedores. Ainda marcaram presen\u00e7a, o representante do Sicom\u00e9rcio de Ilh\u00e9us, Ant\u00f4nio Marcos, o presidente eleito da Associa\u00e7\u00e3o Comercial de Ilh\u00e9us, Lib\u00e9rio Menezes, o presidente da Femicro \u2013 ES, Jos\u00e9 Vargas e o diretor jur\u00eddico da Bahiag\u00e1s, Wenceslau J\u00fanior.<\/p>\n<p>A palestra magna com o tema \u201cEmpreendedorismo na gest\u00e3o p\u00fablica e pol\u00edticas de apoio aos pequenos neg\u00f3cios\u201d, foi conduzida pelo professor e deputado federal do Esp\u00edrito Santo, Helder Salom\u00e3o, que falou da import\u00e2ncia do empreendedor na sociedade, e da sua contribui\u00e7\u00e3o para o desenvolvimento da economia do Brasil.<\/p>\n<p>&nbsp;<\/p>\n","protected":false},"excerpt":{"rendered":"<p>O 10\u00ba Congresso Norte Nordeste da Pequena Empresa \u2013 Empreendedorismo com Desenvolvimento Sustent\u00e1vel foi aberto na manh\u00e3 desta sexta-feira, 17, no Audit\u00f3rio Paulo Souto, da Universidade Estadual de Santa Cruz (Uesc), com a participa\u00e7\u00e3o de estudantes, empreendedores, autoridades regionais e nacionais. O evento encerra nesta tarde, com uma s\u00e9rie de palestras t\u00e9cnicas ligados aos pequenos [&hellip;]<\/p>\n","protected":false},"author":2,"featured_media":0,"comment_status":"open","ping_status":"open","sticky":false,"template":"","format":"standard","meta":{"_links_to":"","_links_to_target":""},"categories":[1],"tags":[24307],"_links":{"self":[{"href":"https:\/\/www.blogdothame.blog.br\/v1\/wp-json\/wp\/v2\/posts\/90141"}],"collection":[{"href":"https:\/\/www.blogdothame.blog.br\/v1\/wp-json\/wp\/v2\/posts"}],"about":[{"href":"https:\/\/www.blogdothame.blog.br\/v1\/wp-json\/wp\/v2\/types\/post"}],"author":[{"embeddable":true,"href":"https:\/\/www.blogdothame.blog.br\/v1\/wp-json\/wp\/v2\/users\/2"}],"replies":[{"embeddable":true,"href":"https:\/\/www.blogdothame.blog.br\/v1\/wp-json\/wp\/v2\/comments?post=90141"}],"version-history":[{"count":1,"href":"https:\/\/www.blogdothame.blog.br\/v1\/wp-json\/wp\/v2\/posts\/90141\/revisions"}],"predecessor-version":[{"id":90144,"href":"https:\/\/www.blogdothame.blog.br\/v1\/wp-json\/wp\/v2\/posts\/90141\/revisions\/90144"}],"wp:attachment":[{"href":"https:\/\/www.blogdothame.blog.br\/v1\/wp-json\/wp\/v2\/media?parent=90141"}],"wp:term":[{"taxonomy":"category","embeddable":true,"href":"https:\/\/www.blogdothame.blog.br\/v1\/wp-json\/wp\/v2\/categories?post=90141"},{"taxonomy":"post_tag","embeddable":true,"href":"https:\/\/www.blogdothame.blog.br\/v1\/wp-json\/wp\/v2\/tags?post=90141"}],"curies":[{"name":"wp","href":"https:\/\/api.w.org\/{rel}","templated":true}]}}