{"id":90130,"date":"2019-05-20T06:25:21","date_gmt":"2019-05-20T09:25:21","guid":{"rendered":"http:\/\/www.blogdothame.blog.br\/v1\/?p=90130"},"modified":"2019-05-19T09:12:24","modified_gmt":"2019-05-19T12:12:24","slug":"triduo-e-missa-marcam-semana-de-nossa-senhora-auxiliadora-na-santa-casa-de-itabuna","status":"publish","type":"post","link":"https:\/\/www.blogdothame.blog.br\/v1\/2019\/05\/20\/triduo-e-missa-marcam-semana-de-nossa-senhora-auxiliadora-na-santa-casa-de-itabuna\/","title":{"rendered":"Tr\u00edduo e Missa marcam Semana de Nossa Senhora Auxiliadora na Santa Casa de Itabuna"},"content":{"rendered":"<p><img loading=\"lazy\" class=\"alignleft  wp-image-90131\" src=\"http:\/\/www.blogdothame.blog.br\/v1\/wp-content\/uploads\/2019\/05\/Irm\u00e3-Erimita-Farias-1-225x300.jpeg\" alt=\"Irm\u00e3 Erimita Farias (1)\" width=\"209\" height=\"279\" srcset=\"https:\/\/www.blogdothame.blog.br\/v1\/wp-content\/uploads\/2019\/05\/Irm\u00e3-Erimita-Farias-1-225x300.jpeg 225w, https:\/\/www.blogdothame.blog.br\/v1\/wp-content\/uploads\/2019\/05\/Irm\u00e3-Erimita-Farias-1-768x1024.jpeg 768w, https:\/\/www.blogdothame.blog.br\/v1\/wp-content\/uploads\/2019\/05\/Irm\u00e3-Erimita-Farias-1.jpeg 960w\" sizes=\"(max-width: 209px) 100vw, 209px\" \/>Com uma programa\u00e7\u00e3o especial, voltada para a partilha da palavra, ora\u00e7\u00e3o e f\u00e9 as irm\u00e3s religiosas e auxiliadoras da Santa Casa de Itabuna realizam tr\u00edduo e missa em comemora\u00e7\u00e3o ao Dia de Nossa Senhora Auxiliadora, comemorado pela igreja cat\u00f3lica na pr\u00f3xima sexta-feira, 24 de maio.<\/p>\n<p>A programa\u00e7\u00e3o que come\u00e7a nesta ter\u00e7a-feira, 21 de maio com o in\u00edcio do tr\u00edduo a Nossa Senhora Auxiliadora, realizado pelas integrantes do grupo de a\u00e7\u00e3o social, Irm\u00e3s Auxiliadoras e religiosas da Santa Casa de Itabuna, que h\u00e1 12 anos realizam trabalhos em prol dos pacientes SUS, acompanhantes e colaboradores da Institui\u00e7\u00e3o.<\/p>\n<p>Para o dia 22, as irm\u00e3s realizar\u00e3o o tr\u00edduo\u00a0as 9 horas\u00a0na\u00a0sala das Irm\u00e3s Auxiliadoras\u00a0que fica localizada ao lado do Laborat\u00f3rio do Hospital Manoel Novaes\u00a0e as 14 horas na capela do\u00a0hospital Calixto Midlej Filho.<\/p>\n<p><!--more--><\/p>\n<p>As atividades encerram com\u00a0a Santa Missa\u00a0que\u00a0ser\u00e1\u00a0presidida por\u00a0Pe.\u00a0Ezequias da Par\u00f3quia Nossa Senhora Aparecida,\u00a0na capela do Hospital Manoel Novaes,\u00a0as\u00a018 h\u00a0de sexta-feira(24). Para o momento concreto,\u00a0no ofert\u00f3rio, as irm\u00e3s pedem o apoio da comunidade em doa\u00e7\u00f5es de fraldas descart\u00e1veis infantis e geri\u00e1tricas.\u00a0\u201cAs doa\u00e7\u00f5es recolhidas ser\u00e3o destinadas aos pacientes acamados do Sistema \u00danico de Sa\u00fade\u201d, explicou a irm\u00e3 religiosa Erimita Farias.<\/p>\n<p>Nossa Senhora Auxiliadora<br \/>\nNossa Senhora Auxiliadora, cuja devo\u00e7\u00e3o remonta \u00e0 vit\u00f3ria da armada crist\u00e3 na Batalha de Lepanto, em 1571, comandada por Dom Jo\u00e3o da \u00c1ustria que, invocando o aux\u00edlio da Virgem, afastou o perigo maometano da Europa. Em agradecimento, o Papa Pio V, incluiu na Ladainha de Nossa Senhora o ep\u00edteto de Auxiliadora dos Crist\u00e3os.<\/p>\n<p>A festa de Nossa Senhora Auxiliadora foi promulgada por Pio VII, no ano de 1816, t\u00e3o logo foi libertado do cativeiro a ele imposto por Napole\u00e3o Bonaparte. O nome \u00e9 bastante popular entre os cat\u00f3licos, sendo bastante usual como antropon\u00edmico. Em Porto Alegre o bairro Auxiliadora \u00e9 nomeado em sua homenagem e em Campinas o Liceu Salesiano tem seu nome. O dia de Nossa Senhora Auxiliadora \u00e9 comemorado em 24 de maio.<\/p>\n<p>Brech\u00f3 Solid\u00e1rio das Irm\u00e3s Auxiliadoras<\/p>\n<p>Durante os dias 06, 07 e 08 de junho ser\u00e1 realizado o\u00a0Brech\u00f3\u00a0das\u00a0Irm\u00e3s Auxiliadoras\u00a0da Santa Casa de Itabuna.\u00a0O evento\u00a0vai acontecer\u00a0no Sal\u00e3o Kolping,\u00a0que faz parte da\u00a0Par\u00f3quia Santo Ant\u00f4nio,\u00a0vai funcionar em hor\u00e1rio comercial\u00a0e \u00e9 voltado para o p\u00fablico em geral.<\/p>\n<p>A novidade\u00a0desse ano, s\u00e3o os\u00a0itens de decora\u00e7\u00e3o para casa, al\u00e9m de\u00a0roupas masculinas, femininas, sapatos e acess\u00f3rios, como\u00a0bolsas e\u00a0bijuterias.\u00a0A a\u00e7\u00e3o faz parte de algumas\u00a0obras\u00a0sociais\u00a0que\u00a0as Irm\u00e3s Auxiliadoras\u00a0realizam\u00a0para arrecadar fundos para a Santa Casa\u00a0de Itabuna.\u00a0Venha participar voc\u00ea tamb\u00e9m!<\/p>\n","protected":false},"excerpt":{"rendered":"<p>Com uma programa\u00e7\u00e3o especial, voltada para a partilha da palavra, ora\u00e7\u00e3o e f\u00e9 as irm\u00e3s religiosas e auxiliadoras da Santa Casa de Itabuna realizam tr\u00edduo e missa em comemora\u00e7\u00e3o ao Dia de Nossa Senhora Auxiliadora, comemorado pela igreja cat\u00f3lica na pr\u00f3xima sexta-feira, 24 de maio. A programa\u00e7\u00e3o que come\u00e7a nesta ter\u00e7a-feira, 21 de maio com [&hellip;]<\/p>\n","protected":false},"author":2,"featured_media":0,"comment_status":"open","ping_status":"open","sticky":false,"template":"","format":"standard","meta":{"_links_to":"","_links_to_target":""},"categories":[1],"tags":[973,24415],"_links":{"self":[{"href":"https:\/\/www.blogdothame.blog.br\/v1\/wp-json\/wp\/v2\/posts\/90130"}],"collection":[{"href":"https:\/\/www.blogdothame.blog.br\/v1\/wp-json\/wp\/v2\/posts"}],"about":[{"href":"https:\/\/www.blogdothame.blog.br\/v1\/wp-json\/wp\/v2\/types\/post"}],"author":[{"embeddable":true,"href":"https:\/\/www.blogdothame.blog.br\/v1\/wp-json\/wp\/v2\/users\/2"}],"replies":[{"embeddable":true,"href":"https:\/\/www.blogdothame.blog.br\/v1\/wp-json\/wp\/v2\/comments?post=90130"}],"version-history":[{"count":2,"href":"https:\/\/www.blogdothame.blog.br\/v1\/wp-json\/wp\/v2\/posts\/90130\/revisions"}],"predecessor-version":[{"id":90169,"href":"https:\/\/www.blogdothame.blog.br\/v1\/wp-json\/wp\/v2\/posts\/90130\/revisions\/90169"}],"wp:attachment":[{"href":"https:\/\/www.blogdothame.blog.br\/v1\/wp-json\/wp\/v2\/media?parent=90130"}],"wp:term":[{"taxonomy":"category","embeddable":true,"href":"https:\/\/www.blogdothame.blog.br\/v1\/wp-json\/wp\/v2\/categories?post=90130"},{"taxonomy":"post_tag","embeddable":true,"href":"https:\/\/www.blogdothame.blog.br\/v1\/wp-json\/wp\/v2\/tags?post=90130"}],"curies":[{"name":"wp","href":"https:\/\/api.w.org\/{rel}","templated":true}]}}