{"id":90096,"date":"2019-05-17T10:04:19","date_gmt":"2019-05-17T13:04:19","guid":{"rendered":"http:\/\/www.blogdothame.blog.br\/v1\/?p=90096"},"modified":"2019-05-16T17:05:24","modified_gmt":"2019-05-16T20:05:24","slug":"instituto-pedro-mello-tera-posto-de-identificacao-no-conjunto-penal-de-itabuna","status":"publish","type":"post","link":"https:\/\/www.blogdothame.blog.br\/v1\/2019\/05\/17\/instituto-pedro-mello-tera-posto-de-identificacao-no-conjunto-penal-de-itabuna\/","title":{"rendered":"Instituto Pedro Mello instalar\u00e1 Posto de Identifica\u00e7\u00e3o  no Conjunto Penal de Itabuna"},"content":{"rendered":"<p><img loading=\"lazy\" class=\"alignright size-medium wp-image-59128\" src=\"http:\/\/www.blogdothame.blog.br\/v1\/wp-content\/uploads\/2017\/02\/conjunto-penal-de-itabuna-300x157.jpg\" alt=\"conjunto penal de itabuna\" width=\"300\" height=\"157\" srcset=\"https:\/\/www.blogdothame.blog.br\/v1\/wp-content\/uploads\/2017\/02\/conjunto-penal-de-itabuna-300x157.jpg 300w, https:\/\/www.blogdothame.blog.br\/v1\/wp-content\/uploads\/2017\/02\/conjunto-penal-de-itabuna.jpg 956w\" sizes=\"(max-width: 300px) 100vw, 300px\" \/>Ser\u00e1 implantada na pr\u00f3xima segunda-feira (20), a partir das 9 horas, um Posto de Identifica\u00e7\u00e3o, do Instituto de Identifica\u00e7\u00e3o Pedro Mello, no Conjunto Penal de Itabuna. O novo equipamento ir\u00e1 garantir maior celeridade nos processos de ressocializa\u00e7\u00e3o dos reeducandos que cumprem penas na unidade prisional.<\/p>\n<p>O Instituto de Identifica\u00e7\u00e3o Pedro Mello (IIPM) \u00e9 o \u00f3rg\u00e3o ligado \u00e0 Secretaria de Seguran\u00e7a P\u00fablica da Bahia (SSP-BA) respons\u00e1vel pela emiss\u00e3o das carteiras de identidade assentadas no Registro Geral (RG). Antes da implanta\u00e7\u00e3o do posto, os documentos eram emitidos a partir de mutir\u00f5es realizados pelos peritos papiloscopistas, que visitavam regularmente a unidade.<\/p>\n<p>A partir de agora, as informa\u00e7\u00f5es necess\u00e1rias \u00e0 identifica\u00e7\u00e3o de cada reeducando ser\u00e3o colhidas por um colaborador da empresa Socializa, que operacionaliza o Conjunto Penal, em regime de cogest\u00e3o com o Governo do Estado, por meio da Secretaria de Administra\u00e7\u00e3o Penitenci\u00e1ria e Ressocializa\u00e7\u00e3o (Seap).<\/p>\n<p>Participar\u00e3o da inaugura\u00e7\u00e3o representantes do Instituto de Identifica\u00e7\u00e3o Pedro Mello, da SEAP, da Vara de Execu\u00e7\u00f5es Penais e Medidas Socieducativas, do Minist\u00e9rio P\u00fablico, Defensoria P\u00fablica e Ordem dos Advogados do Brasil \u2013 Subse\u00e7\u00e3o Itabuna.<\/p>\n","protected":false},"excerpt":{"rendered":"<p>Ser\u00e1 implantada na pr\u00f3xima segunda-feira (20), a partir das 9 horas, um Posto de Identifica\u00e7\u00e3o, do Instituto de Identifica\u00e7\u00e3o Pedro Mello, no Conjunto Penal de Itabuna. O novo equipamento ir\u00e1 garantir maior celeridade nos processos de ressocializa\u00e7\u00e3o dos reeducandos que cumprem penas na unidade prisional. O Instituto de Identifica\u00e7\u00e3o Pedro Mello (IIPM) \u00e9 o \u00f3rg\u00e3o [&hellip;]<\/p>\n","protected":false},"author":2,"featured_media":0,"comment_status":"open","ping_status":"open","sticky":false,"template":"","format":"standard","meta":{"_links_to":"","_links_to_target":""},"categories":[1],"tags":[7107,24405,24404],"_links":{"self":[{"href":"https:\/\/www.blogdothame.blog.br\/v1\/wp-json\/wp\/v2\/posts\/90096"}],"collection":[{"href":"https:\/\/www.blogdothame.blog.br\/v1\/wp-json\/wp\/v2\/posts"}],"about":[{"href":"https:\/\/www.blogdothame.blog.br\/v1\/wp-json\/wp\/v2\/types\/post"}],"author":[{"embeddable":true,"href":"https:\/\/www.blogdothame.blog.br\/v1\/wp-json\/wp\/v2\/users\/2"}],"replies":[{"embeddable":true,"href":"https:\/\/www.blogdothame.blog.br\/v1\/wp-json\/wp\/v2\/comments?post=90096"}],"version-history":[{"count":2,"href":"https:\/\/www.blogdothame.blog.br\/v1\/wp-json\/wp\/v2\/posts\/90096\/revisions"}],"predecessor-version":[{"id":90100,"href":"https:\/\/www.blogdothame.blog.br\/v1\/wp-json\/wp\/v2\/posts\/90096\/revisions\/90100"}],"wp:attachment":[{"href":"https:\/\/www.blogdothame.blog.br\/v1\/wp-json\/wp\/v2\/media?parent=90096"}],"wp:term":[{"taxonomy":"category","embeddable":true,"href":"https:\/\/www.blogdothame.blog.br\/v1\/wp-json\/wp\/v2\/categories?post=90096"},{"taxonomy":"post_tag","embeddable":true,"href":"https:\/\/www.blogdothame.blog.br\/v1\/wp-json\/wp\/v2\/tags?post=90096"}],"curies":[{"name":"wp","href":"https:\/\/api.w.org\/{rel}","templated":true}]}}