{"id":90020,"date":"2019-05-16T06:21:54","date_gmt":"2019-05-16T09:21:54","guid":{"rendered":"http:\/\/www.blogdothame.blog.br\/v1\/?p=90020"},"modified":"2019-05-15T14:31:29","modified_gmt":"2019-05-15T17:31:29","slug":"na-china-consorcio-anuncia-conclusao-do-projeto-conceitual-do-vlt","status":"publish","type":"post","link":"https:\/\/www.blogdothame.blog.br\/v1\/2019\/05\/16\/na-china-consorcio-anuncia-conclusao-do-projeto-conceitual-do-vlt\/","title":{"rendered":"Na China, cons\u00f3rcio anuncia conclus\u00e3o do projeto conceitual do VLT"},"content":{"rendered":"<p><img loading=\"lazy\" class=\"aligncenter  wp-image-90024\" src=\"http:\/\/www.blogdothame.blog.br\/v1\/wp-content\/uploads\/2019\/05\/vlt-1.jpg\" alt=\"vlt 1\" width=\"434\" height=\"211\" srcset=\"https:\/\/www.blogdothame.blog.br\/v1\/wp-content\/uploads\/2019\/05\/vlt-1.jpg 510w, https:\/\/www.blogdothame.blog.br\/v1\/wp-content\/uploads\/2019\/05\/vlt-1-300x146.jpg 300w\" sizes=\"(max-width: 434px) 100vw, 434px\" \/><\/p>\n<p>O projeto conceitual do Ve\u00edculo Leve de Transporte (VLT), que ter\u00e1 obras iniciadas em 2019, e ligar\u00e1 o Com\u00e9rcio , em Salvador, at\u00e9 a Ilha de S\u00e3o Jo\u00e3o, no munic\u00edpio de Sim\u00f5es Filho, j\u00e1 foi conclu\u00eddo. A informa\u00e7\u00e3o foi anunciada ao governador Rui Costa durante reuni\u00e3o realizada na sede da Build Your Dreams (BYD), empresa que forma, junto com a Metrogreen, o cons\u00f3rcio Skyrail Bahia, cujo contrato com o Governo do Estado foi assinado em fevereiro deste ano. O encontro ocorreu na cidade de Shenzen, no \u00faltimo dia de agenda do governador em miss\u00e3o internacional na China. A entrega do documento, que faz parte do cronograma de implanta\u00e7\u00e3o do VLT, ser\u00e1 feita at\u00e9 esta sexta-feira (17). Os \u00faltimos detalhes do projeto ser\u00e3o conclu\u00eddos ap\u00f3s ajustes t\u00e9cnicos debatidos hoje, durante a reuni\u00e3o.<\/p>\n<p><img loading=\"lazy\" class=\"aligncenter  wp-image-90023\" src=\"http:\/\/www.blogdothame.blog.br\/v1\/wp-content\/uploads\/2019\/05\/vlt-2.jpg\" alt=\"vlt 2\" width=\"351\" height=\"234\" srcset=\"https:\/\/www.blogdothame.blog.br\/v1\/wp-content\/uploads\/2019\/05\/vlt-2.jpg 512w, https:\/\/www.blogdothame.blog.br\/v1\/wp-content\/uploads\/2019\/05\/vlt-2-300x200.jpg 300w\" sizes=\"(max-width: 351px) 100vw, 351px\" \/><\/p>\n<p>Com cerca de 20 quil\u00f4metros de extens\u00e3o, 22 esta\u00e7\u00f5es e capacidade para transportar cerca de 150 mil usu\u00e1rios por dia, o modal ser\u00e1 do tipo monotrilho, movido \u00e0 propuls\u00e3o el\u00e9trica, sem emiss\u00e3o de agentes poluentes que prejudicam o meio ambiente. Cada composi\u00e7\u00e3o \u00e9 formada por quatro carros, que tem capacidade para levar 150 pessoas, totalizando 600 passageiros por ve\u00edculo. Em hor\u00e1rio de pico, o sistema contar\u00e1 com um vlt a cada quatro minutos. A obra ser\u00e1 realizada por meio da modalidade de Parceria P\u00fablico-Privada (PPP).<\/p>\n<p><!--more--><\/p>\n<p><img loading=\"lazy\" class=\"alignright size-medium wp-image-90025\" src=\"http:\/\/www.blogdothame.blog.br\/v1\/wp-content\/uploads\/2019\/05\/vlt-3-300x169.jpg\" alt=\"vlt 3\" width=\"300\" height=\"169\" srcset=\"https:\/\/www.blogdothame.blog.br\/v1\/wp-content\/uploads\/2019\/05\/vlt-3-300x169.jpg 300w, https:\/\/www.blogdothame.blog.br\/v1\/wp-content\/uploads\/2019\/05\/vlt-3.jpg 512w\" sizes=\"(max-width: 300px) 100vw, 300px\" \/>Ainda na sede da BYD, o governador andou no modelo do equipamento que ser\u00e1 implantado em Salvador e publicou um v\u00eddeo nas redes sociais mostrando a experi\u00eancia. &#8220;Estou aqui conhecendo toda a tecnologia utilizada na produ\u00e7\u00e3o dos trens do VLT que n\u00f3s vamos implantar no sub\u00farbio da capital baiana e em Sim\u00f5es Filho. \u00c9 um bel\u00edssimo equipamento&#8221;, afirmou Rui.<\/p>\n<p>O secret\u00e1rio estadual de Desenvolvimento Urbano (Sedur), S\u00e9rgio Brito, acompanhou o governador na reuni\u00e3o. &#8220;Foi uma experi\u00eancia fant\u00e1stica. Visitamos a empresa e estivemos dentro do modelo de trem que estar\u00e1 em Salvador. \u00c9 um equipamento de primeira qualidade e de primeira linha, que tem alta performance e \u00e9 refer\u00eancia mundial. Ser\u00e1 um grande empreendimento para a nossa capital&#8221;, ressaltou S\u00e9rgio.<\/p>\n<p>Tamb\u00e9m fizeram parte da comitiva os secret\u00e1rios da Casa Civil, Bruno Dauster e o senador Jaques Wagner. (fotos: Diego Mascarenhas\/SecomBA)<\/p>\n","protected":false},"excerpt":{"rendered":"<p>O projeto conceitual do Ve\u00edculo Leve de Transporte (VLT), que ter\u00e1 obras iniciadas em 2019, e ligar\u00e1 o Com\u00e9rcio , em Salvador, at\u00e9 a Ilha de S\u00e3o Jo\u00e3o, no munic\u00edpio de Sim\u00f5es Filho, j\u00e1 foi conclu\u00eddo. A informa\u00e7\u00e3o foi anunciada ao governador Rui Costa durante reuni\u00e3o realizada na sede da Build Your Dreams (BYD), empresa [&hellip;]<\/p>\n","protected":false},"author":2,"featured_media":0,"comment_status":"open","ping_status":"open","sticky":false,"template":"","format":"standard","meta":{"_links_to":"","_links_to_target":""},"categories":[1],"tags":[51,1398,24383,615],"_links":{"self":[{"href":"https:\/\/www.blogdothame.blog.br\/v1\/wp-json\/wp\/v2\/posts\/90020"}],"collection":[{"href":"https:\/\/www.blogdothame.blog.br\/v1\/wp-json\/wp\/v2\/posts"}],"about":[{"href":"https:\/\/www.blogdothame.blog.br\/v1\/wp-json\/wp\/v2\/types\/post"}],"author":[{"embeddable":true,"href":"https:\/\/www.blogdothame.blog.br\/v1\/wp-json\/wp\/v2\/users\/2"}],"replies":[{"embeddable":true,"href":"https:\/\/www.blogdothame.blog.br\/v1\/wp-json\/wp\/v2\/comments?post=90020"}],"version-history":[{"count":3,"href":"https:\/\/www.blogdothame.blog.br\/v1\/wp-json\/wp\/v2\/posts\/90020\/revisions"}],"predecessor-version":[{"id":90026,"href":"https:\/\/www.blogdothame.blog.br\/v1\/wp-json\/wp\/v2\/posts\/90020\/revisions\/90026"}],"wp:attachment":[{"href":"https:\/\/www.blogdothame.blog.br\/v1\/wp-json\/wp\/v2\/media?parent=90020"}],"wp:term":[{"taxonomy":"category","embeddable":true,"href":"https:\/\/www.blogdothame.blog.br\/v1\/wp-json\/wp\/v2\/categories?post=90020"},{"taxonomy":"post_tag","embeddable":true,"href":"https:\/\/www.blogdothame.blog.br\/v1\/wp-json\/wp\/v2\/tags?post=90020"}],"curies":[{"name":"wp","href":"https:\/\/api.w.org\/{rel}","templated":true}]}}