{"id":89958,"date":"2019-05-14T13:00:54","date_gmt":"2019-05-14T16:00:54","guid":{"rendered":"http:\/\/www.blogdothame.blog.br\/v1\/?p=89958"},"modified":"2019-05-14T11:15:56","modified_gmt":"2019-05-14T14:15:56","slug":"vaticano-reconhece-novo-milagre-e-irma-dulce-sera-proclamada-santa","status":"publish","type":"post","link":"https:\/\/www.blogdothame.blog.br\/v1\/2019\/05\/14\/vaticano-reconhece-novo-milagre-e-irma-dulce-sera-proclamada-santa\/","title":{"rendered":"Vaticano reconhece novo milagre e Irm\u00e3 Dulce ser\u00e1 proclamada Santa"},"content":{"rendered":"<p>&nbsp;<\/p>\n<p><img loading=\"lazy\" class=\"aligncenter  wp-image-89959\" src=\"http:\/\/www.blogdothame.blog.br\/v1\/wp-content\/uploads\/2019\/05\/irma-dulce.jpg\" alt=\"irma dulce\" width=\"382\" height=\"266\" srcset=\"https:\/\/www.blogdothame.blog.br\/v1\/wp-content\/uploads\/2019\/05\/irma-dulce.jpg 580w, https:\/\/www.blogdothame.blog.br\/v1\/wp-content\/uploads\/2019\/05\/irma-dulce-300x209.jpg 300w\" sizes=\"(max-width: 382px) 100vw, 382px\" \/><\/p>\n<p>O Vaticano anunciou nesta ter\u00e7a-feira (14) que a freira baiana Irm\u00e3 Dulce ser\u00e1 proclamada santa.\u00a0Com o Decreto autorizado pelo Santo Padre, o Papa Francisco, reconhecendo um novo\u00a0milagre atribu\u00eddo \u00e0 intercess\u00e3o de Irm\u00e3 Dulce, a beata ser\u00e1 proximamente proclamada Santa em solene celebra\u00e7\u00e3o de canoniza\u00e7\u00f5es. Ainda n\u00e3o h\u00e1 data para a cerim\u00f4nia.<\/p>\n<p>Religiosa da Congrega\u00e7\u00e3o das Irm\u00e3s Mission\u00e1rias da Imaculada Concei\u00e7\u00e3o da M\u00e3e de Deus, a Beata Irm\u00e3 Dulce nasceu em Salvador em 26 de maio de 1914 e ali faleceu em 22 de maio de 1992.\u00a0Irm\u00e3 Dulce foi beatificada em 22 de maio de 2011\u00a0e com este decreto\u00a0ser\u00e1 proclamada Santa proximamente\u00a0em solene celebra\u00e7\u00e3o de canoniza\u00e7\u00f5es.<\/p>\n<p>O processo da causa da Canoniza\u00e7\u00e3o de Irm\u00e3 Dulce foi iniciado\u00a0em janeiro de 2000. Com o in\u00edcio do processo, seus restos mortais, que desde 1992 (ano de seu falecimento) estavam na Igreja da Concei\u00e7\u00e3o da Praia, foram ent\u00e3o transferidos para a Capela do Convento Santo Ant\u00f4nio, na sede das Obras Sociais Irm\u00e3 Dulce (OSID), tamb\u00e9m em Salvador.<\/p>\n<p>A valida\u00e7\u00e3o jur\u00eddica do virtual milagre presente no processo foi emitida pela Santa S\u00e9 em junho de 2003. J\u00e1 em abril de 2009, o Papa Bento XVI reconheceu as virtudes heroicas da Serva de Deus Dulce Lopes Pontes, autorizando oficialmente a concess\u00e3o do t\u00edtulo de Vener\u00e1vel \u00e0 freira baiana. O t\u00edtulo foi o reconhecimento de que Irm\u00e3 Dulce viveu, em grau her\u00f3ico, as virtudes crist\u00e3s da F\u00e9, Esperan\u00e7a e Caridade. (Do Pimenta, com informa\u00e7\u00f5es do Correio24h).<\/p>\n","protected":false},"excerpt":{"rendered":"<p>&nbsp; O Vaticano anunciou nesta ter\u00e7a-feira (14) que a freira baiana Irm\u00e3 Dulce ser\u00e1 proclamada santa.\u00a0Com o Decreto autorizado pelo Santo Padre, o Papa Francisco, reconhecendo um novo\u00a0milagre atribu\u00eddo \u00e0 intercess\u00e3o de Irm\u00e3 Dulce, a beata ser\u00e1 proximamente proclamada Santa em solene celebra\u00e7\u00e3o de canoniza\u00e7\u00f5es. Ainda n\u00e3o h\u00e1 data para a cerim\u00f4nia. Religiosa da Congrega\u00e7\u00e3o [&hellip;]<\/p>\n","protected":false},"author":2,"featured_media":0,"comment_status":"open","ping_status":"open","sticky":false,"template":"","format":"standard","meta":{"_links_to":"","_links_to_target":""},"categories":[1],"tags":[51,9629,175,6323,24368,3059],"_links":{"self":[{"href":"https:\/\/www.blogdothame.blog.br\/v1\/wp-json\/wp\/v2\/posts\/89958"}],"collection":[{"href":"https:\/\/www.blogdothame.blog.br\/v1\/wp-json\/wp\/v2\/posts"}],"about":[{"href":"https:\/\/www.blogdothame.blog.br\/v1\/wp-json\/wp\/v2\/types\/post"}],"author":[{"embeddable":true,"href":"https:\/\/www.blogdothame.blog.br\/v1\/wp-json\/wp\/v2\/users\/2"}],"replies":[{"embeddable":true,"href":"https:\/\/www.blogdothame.blog.br\/v1\/wp-json\/wp\/v2\/comments?post=89958"}],"version-history":[{"count":1,"href":"https:\/\/www.blogdothame.blog.br\/v1\/wp-json\/wp\/v2\/posts\/89958\/revisions"}],"predecessor-version":[{"id":89960,"href":"https:\/\/www.blogdothame.blog.br\/v1\/wp-json\/wp\/v2\/posts\/89958\/revisions\/89960"}],"wp:attachment":[{"href":"https:\/\/www.blogdothame.blog.br\/v1\/wp-json\/wp\/v2\/media?parent=89958"}],"wp:term":[{"taxonomy":"category","embeddable":true,"href":"https:\/\/www.blogdothame.blog.br\/v1\/wp-json\/wp\/v2\/categories?post=89958"},{"taxonomy":"post_tag","embeddable":true,"href":"https:\/\/www.blogdothame.blog.br\/v1\/wp-json\/wp\/v2\/tags?post=89958"}],"curies":[{"name":"wp","href":"https:\/\/api.w.org\/{rel}","templated":true}]}}