{"id":89897,"date":"2019-05-13T15:26:15","date_gmt":"2019-05-13T18:26:15","guid":{"rendered":"http:\/\/www.blogdothame.blog.br\/v1\/?p=89897"},"modified":"2019-05-13T14:48:27","modified_gmt":"2019-05-13T17:48:27","slug":"o-sentido-da-vida-e-o-tema-da-49a-semana-espirita-de-itabuna","status":"publish","type":"post","link":"https:\/\/www.blogdothame.blog.br\/v1\/2019\/05\/13\/o-sentido-da-vida-e-o-tema-da-49a-semana-espirita-de-itabuna\/","title":{"rendered":"\u201cO Sentido da Vida\u201d \u00e9 o tema da 49\u00aa Semana Esp\u00edrita de Itabuna"},"content":{"rendered":"<p><img loading=\"lazy\" class=\"alignright  wp-image-89899\" src=\"http:\/\/www.blogdothame.blog.br\/v1\/wp-content\/uploads\/2019\/05\/semana-esp-1.jpg\" alt=\"semana esp (1)\" width=\"322\" height=\"307\" srcset=\"https:\/\/www.blogdothame.blog.br\/v1\/wp-content\/uploads\/2019\/05\/semana-esp-1.jpg 900w, https:\/\/www.blogdothame.blog.br\/v1\/wp-content\/uploads\/2019\/05\/semana-esp-1-300x286.jpg 300w\" sizes=\"(max-width: 322px) 100vw, 322px\" \/>\u201cO Sentido da Vida\u201d \u00e9 o tema central da 49\u00aa Semana Esp\u00edrita de Itabuna que o ICEI &#8211; Instituto de Cultura Esp\u00edrita de Itabuna, realiza de 26 de maio a 2 de junho de 2019, na sua sede, localizada a Rua Allan Kardec, 101, Jardim Italamar (em frente ao col\u00e9gio CIOMF). O evento \u00e9 aberto ao p\u00fablico e conta com o apoio da FEEB- Federa\u00e7\u00e3o Esp\u00edrita do Estado da Bahia e do CR-11 (Conselho Regional Esp\u00edrita).<\/p>\n<p>As palestras iniciar\u00e3o sempre \u00e0s 19h30min e ser\u00e3o precedidas por uma apresenta\u00e7\u00e3o art\u00edstica. A abertura do evento, no dia 26 (domingo), fica por conta de Juselma Coelho, de Belo Horizonte- MG, com a palestra \u201cViver o Evangelho com Jesus\u201d. No dia seguinte, 27 (segunda-feira), a baiana Abigail Guimar\u00e3es, de Vit\u00f3ria da Conquista, abordar\u00e1 sobre \u201cA liberdade e seus princ\u00edpios \u00e9ticos, morais e espirituais\u201d.<\/p>\n<p>Para o dia 28 (ter\u00e7a-feira), teremos o itabunense Patrick Pires da Costa, falando sobre \u201cAs graves trag\u00e9dias e suas conseq\u00fc\u00eancias no processo evolutivo da humanidade\u201d. E na quarta-feira, 29, a programa\u00e7\u00e3o tem seq\u00fc\u00eancia com a palestra \u201cA mensagem do amor imortal\u201d, que ser\u00e1 proferida pelo professor Ary Quadros Teixeira, de Itabuna.<\/p>\n<p>Dia 30 (quinta-feira), dando prosseguimento ao evento, a palestra \u201cQue na vida nunca nos falte a esperan\u00e7a\u201d, que ser\u00e1 explanada pelo baiano Pedro Camilo. O evento segue no dia 31 (sexta-feira), com Leonardo Machado psiquiatra pernambucano, abordando sobre \u201cViol\u00eancia dom\u00e9stica\u201d.<\/p>\n<p><!--more--><\/p>\n<p>Marcus De M\u00e1rio, do Rio de Janeiro, \u00e9 o palestrante do dia 01 de junho (s\u00e1bado), com o tema: \u201cIntelig\u00eancia emocional a servi\u00e7o da Lei de Progresso\u201d. E finalizando o evento, no dia 03 (domingo), a programa\u00e7\u00e3o prev\u00ea o professor Lindomar Coutinho, discorrendo sobre o tema Central \u201cO Sentido da Vida\u201d.<\/p>\n<p>Como acontece tradicionalmente, de sexta a s\u00e1bado, os palestrantes convidados realizar\u00e3o semin\u00e1rios em hor\u00e1rios alternativos, com a abordagem de temas da atualidade, com destaque para a \u201cRoda de Conversa\u201d, que acontece no dia 01 de junho, s\u00e1bado, das 14h \u00e0s 17h.<\/p>\n<p>A programa\u00e7\u00e3o destaca tamb\u00e9m a realiza\u00e7\u00e3o da 18\u00aa Semaninha Esp\u00edrita de Itabuna (de 26\/05 a 01\/06), reunindo crian\u00e7as de 3 a 12 anos, e ainda o 8\u00ba Encontro com a Juventude (02 de junho), para jovens a partir de 13 anos.<\/p>\n<p>Pelas tem\u00e1ticas abordadas e a qualidade dos palestrantes envolvidos, o maior evento do calend\u00e1rio de atividades esp\u00edritas da Regi\u00e3o, ir\u00e1 oportunizar a todos os participantes, tomarem conhecimento das respostas que tanto inquietam os cora\u00e7\u00f5es humanos, no que diz respeito \u00e0s graves problem\u00e1ticas da contemporaneidade.<\/p>\n<p>Toda a programa\u00e7\u00e3o do evento ser\u00e1 transmitida pelo POOL BRASIL, uma rede de emissoras de Web R\u00e1dios, TVs e M\u00eddias, coordenada pela Web R\u00e1dio Portal da Luz de Dourados-MS (https:\/\/www.poolbrasil.com). Informa\u00e7\u00f5es complementares pelo telefone: (73) 3212-1829.<\/p>\n","protected":false},"excerpt":{"rendered":"<p>\u201cO Sentido da Vida\u201d \u00e9 o tema central da 49\u00aa Semana Esp\u00edrita de Itabuna que o ICEI &#8211; Instituto de Cultura Esp\u00edrita de Itabuna, realiza de 26 de maio a 2 de junho de 2019, na sua sede, localizada a Rua Allan Kardec, 101, Jardim Italamar (em frente ao col\u00e9gio CIOMF). O evento \u00e9 aberto [&hellip;]<\/p>\n","protected":false},"author":2,"featured_media":0,"comment_status":"open","ping_status":"open","sticky":false,"template":"","format":"standard","meta":{"_links_to":"","_links_to_target":""},"categories":[1],"tags":[24351,24350],"_links":{"self":[{"href":"https:\/\/www.blogdothame.blog.br\/v1\/wp-json\/wp\/v2\/posts\/89897"}],"collection":[{"href":"https:\/\/www.blogdothame.blog.br\/v1\/wp-json\/wp\/v2\/posts"}],"about":[{"href":"https:\/\/www.blogdothame.blog.br\/v1\/wp-json\/wp\/v2\/types\/post"}],"author":[{"embeddable":true,"href":"https:\/\/www.blogdothame.blog.br\/v1\/wp-json\/wp\/v2\/users\/2"}],"replies":[{"embeddable":true,"href":"https:\/\/www.blogdothame.blog.br\/v1\/wp-json\/wp\/v2\/comments?post=89897"}],"version-history":[{"count":1,"href":"https:\/\/www.blogdothame.blog.br\/v1\/wp-json\/wp\/v2\/posts\/89897\/revisions"}],"predecessor-version":[{"id":89900,"href":"https:\/\/www.blogdothame.blog.br\/v1\/wp-json\/wp\/v2\/posts\/89897\/revisions\/89900"}],"wp:attachment":[{"href":"https:\/\/www.blogdothame.blog.br\/v1\/wp-json\/wp\/v2\/media?parent=89897"}],"wp:term":[{"taxonomy":"category","embeddable":true,"href":"https:\/\/www.blogdothame.blog.br\/v1\/wp-json\/wp\/v2\/categories?post=89897"},{"taxonomy":"post_tag","embeddable":true,"href":"https:\/\/www.blogdothame.blog.br\/v1\/wp-json\/wp\/v2\/tags?post=89897"}],"curies":[{"name":"wp","href":"https:\/\/api.w.org\/{rel}","templated":true}]}}