{"id":89674,"date":"2019-05-08T10:30:51","date_gmt":"2019-05-08T13:30:51","guid":{"rendered":"http:\/\/www.blogdothame.blog.br\/v1\/?p=89674"},"modified":"2019-05-08T10:38:39","modified_gmt":"2019-05-08T13:38:39","slug":"cetep-promove-feira-de-negocios-da-carne-de-sol-em-itororo","status":"publish","type":"post","link":"https:\/\/www.blogdothame.blog.br\/v1\/2019\/05\/08\/cetep-promove-feira-de-negocios-da-carne-de-sol-em-itororo\/","title":{"rendered":"CETEP promove Feira de Neg\u00f3cios da Carne de Sol em Itoror\u00f3"},"content":{"rendered":"<p><img loading=\"lazy\" class=\"aligncenter  wp-image-89678\" src=\"http:\/\/www.blogdothame.blog.br\/v1\/wp-content\/uploads\/2019\/05\/fenesol-2-1024x567.jpg\" alt=\"fenesol (2)\" width=\"466\" height=\"258\" srcset=\"https:\/\/www.blogdothame.blog.br\/v1\/wp-content\/uploads\/2019\/05\/fenesol-2-1024x567.jpg 1024w, https:\/\/www.blogdothame.blog.br\/v1\/wp-content\/uploads\/2019\/05\/fenesol-2-300x166.jpg 300w, https:\/\/www.blogdothame.blog.br\/v1\/wp-content\/uploads\/2019\/05\/fenesol-2.jpg 1065w\" sizes=\"(max-width: 466px) 100vw, 466px\" \/><\/p>\n<p>O CETEP M\u00e9dio Sudoeste da Bahia, escola de educa\u00e7\u00e3o profissional de rede estadual de ensino, realizar\u00e1 nos dias 14 e 15 de junho de 2019 a I Feira de Neg\u00f3cios da Carne de Sol. Uma das a\u00e7\u00f5es que ocorrer\u00e3o na Feira \u00e9 a final do Concurso Masterchef, utilizando a Carne do Sol como base para todos os pratos.<\/p>\n<p>&nbsp;<\/p>\n<p>O concurso ter\u00e1 duas etapas, a\u00a0 primeira eliminat\u00f3ria dia 29 de maio e a final dia 15 de junho durante a FENESOL. As inscri\u00e7\u00f5es para o Masterchef podem ser feitas \u00a0\u00a0at\u00e9 dia 15 de maio pelo e-mail:\u00a0cetepinscricao@gmail.com\u00a0ou no pr\u00f3prio CETEP Itoror\u00f3.<br \/>\nDurante o evento, tamb\u00e9m acontecer\u00e1 a final do concurso de m\u00fasica, \u00a0que contar\u00e1 com a participa\u00e7\u00e3o de alunos matriculados na rede p\u00fablica estadual de ensino.<\/p>\n","protected":false},"excerpt":{"rendered":"<p>O CETEP M\u00e9dio Sudoeste da Bahia, escola de educa\u00e7\u00e3o profissional de rede estadual de ensino, realizar\u00e1 nos dias 14 e 15 de junho de 2019 a I Feira de Neg\u00f3cios da Carne de Sol. Uma das a\u00e7\u00f5es que ocorrer\u00e3o na Feira \u00e9 a final do Concurso Masterchef, utilizando a Carne do Sol como base para [&hellip;]<\/p>\n","protected":false},"author":2,"featured_media":0,"comment_status":"open","ping_status":"open","sticky":false,"template":"","format":"standard","meta":{"_links_to":"","_links_to_target":""},"categories":[1],"tags":[24297,24296,1414],"_links":{"self":[{"href":"https:\/\/www.blogdothame.blog.br\/v1\/wp-json\/wp\/v2\/posts\/89674"}],"collection":[{"href":"https:\/\/www.blogdothame.blog.br\/v1\/wp-json\/wp\/v2\/posts"}],"about":[{"href":"https:\/\/www.blogdothame.blog.br\/v1\/wp-json\/wp\/v2\/types\/post"}],"author":[{"embeddable":true,"href":"https:\/\/www.blogdothame.blog.br\/v1\/wp-json\/wp\/v2\/users\/2"}],"replies":[{"embeddable":true,"href":"https:\/\/www.blogdothame.blog.br\/v1\/wp-json\/wp\/v2\/comments?post=89674"}],"version-history":[{"count":3,"href":"https:\/\/www.blogdothame.blog.br\/v1\/wp-json\/wp\/v2\/posts\/89674\/revisions"}],"predecessor-version":[{"id":89679,"href":"https:\/\/www.blogdothame.blog.br\/v1\/wp-json\/wp\/v2\/posts\/89674\/revisions\/89679"}],"wp:attachment":[{"href":"https:\/\/www.blogdothame.blog.br\/v1\/wp-json\/wp\/v2\/media?parent=89674"}],"wp:term":[{"taxonomy":"category","embeddable":true,"href":"https:\/\/www.blogdothame.blog.br\/v1\/wp-json\/wp\/v2\/categories?post=89674"},{"taxonomy":"post_tag","embeddable":true,"href":"https:\/\/www.blogdothame.blog.br\/v1\/wp-json\/wp\/v2\/tags?post=89674"}],"curies":[{"name":"wp","href":"https:\/\/api.w.org\/{rel}","templated":true}]}}