{"id":89489,"date":"2019-05-03T07:33:23","date_gmt":"2019-05-03T10:33:23","guid":{"rendered":"http:\/\/www.blogdothame.blog.br\/v1\/?p=89489"},"modified":"2019-05-02T11:36:26","modified_gmt":"2019-05-02T14:36:26","slug":"funceb-convoca-grupos-de-manifestacao-de-cultura-popular-do-interior-para-desfilarem-no-cortejo-2-de-julho","status":"publish","type":"post","link":"https:\/\/www.blogdothame.blog.br\/v1\/2019\/05\/03\/funceb-convoca-grupos-de-manifestacao-de-cultura-popular-do-interior-para-desfilarem-no-cortejo-2-de-julho\/","title":{"rendered":"Funceb convoca Grupos de Manifesta\u00e7\u00e3o de Cultura Popular do interior  para desfilarem no Cortejo 2 de Julho"},"content":{"rendered":"<p><img loading=\"lazy\" class=\"alignleft size-full wp-image-10913\" src=\"http:\/\/www.blogdothame.blog.br\/v1\/wp-content\/uploads\/2012\/07\/2-de-julho.jpg\" alt=\"2 de julho\" width=\"400\" height=\"268\" srcset=\"https:\/\/www.blogdothame.blog.br\/v1\/wp-content\/uploads\/2012\/07\/2-de-julho.jpg 400w, https:\/\/www.blogdothame.blog.br\/v1\/wp-content\/uploads\/2012\/07\/2-de-julho-300x201.jpg 300w\" sizes=\"(max-width: 400px) 100vw, 400px\" \/>Est\u00e1 aberta Chamada P\u00fablica da Funda\u00e7\u00e3o Cultural do Estado da Bahia (Funceb) para selecionar Grupos de Manifesta\u00e7\u00e3o de Cultura Popular, oriundos do interior do estado, para se apresentarem no desfile comemorativo da Independ\u00eancia do Brasil na Bahia \u2013 o \u00b42 de Julho\u00b4 . Os grupos precisam ser necessariamente de uma das cidades da rota hist\u00f3rica da Independ\u00eancia do Brasil na Bahia (Cidades do Rec\u00f4ncavo e da Regi\u00e3o Metropolitana de Salvador, e Caetit\u00e9). Os grupos tamb\u00e9m precisam ser atuantes e reconhecidos por sua trajet\u00f3ria, al\u00e9m de apresentarem ader\u00eancia art\u00edstica e cultural com o Cortejo 2 de Julho.<\/p>\n<p>*As inscri\u00e7\u00f5es s\u00e3o at\u00e9 7 de maio, atrav\u00e9s de envio de formul\u00e1rio, documenta\u00e7\u00e3o obrigat\u00f3ria e anexos preenchidos, encaminhados por correspond\u00eancia registrada ou via Sedex, e com Aviso de Recebimento para a sede da Funceb. Confira o regulamento completo em *www.fundacaocultural.ba.gov.br*.<\/p>\n<p>Para o desfile ser\u00e3o selecionadas 3 Grupos de Manifesta\u00e7\u00e3o de Cultura Popular, com aproximadamente 25 integrantes, e at\u00e9 3 suplentes, para compor a grade de programa\u00e7\u00e3o do desfile. Cada grupo receber\u00e1 o cach\u00ea e R$ 6 mil.<\/p>\n<p>A convocat\u00f3ria tamb\u00e9m selecionar\u00e1 10 Bandas Filarm\u00f4nicas, e mais 5 suplentes, que tamb\u00e9m devem apresentar relev\u00e2ncia hist\u00f3rica, art\u00edstica e cultural para o Cotejo 2 de Julho, tempo de atua\u00e7\u00e3o e comprova\u00e7\u00e3o de atividades recentes.<\/p>\n<p>O resultado dos selecionados e suplentes ser\u00e1 publicado no Di\u00e1rio Oficial do Estado e no site da Funceb at\u00e9 17 de maio de 2019. Caber\u00e1 recurso do resultado quanto a erros formais e de procedimento at\u00e9 cinco dias \u00fateis a partir da publica\u00e7\u00e3o. A rela\u00e7\u00e3o final dos selecionados e suplentes ser\u00e1 publicada no site da Funceb at\u00e9 31 de maio de 2019.<\/p>\n","protected":false},"excerpt":{"rendered":"<p>Est\u00e1 aberta Chamada P\u00fablica da Funda\u00e7\u00e3o Cultural do Estado da Bahia (Funceb) para selecionar Grupos de Manifesta\u00e7\u00e3o de Cultura Popular, oriundos do interior do estado, para se apresentarem no desfile comemorativo da Independ\u00eancia do Brasil na Bahia \u2013 o \u00b42 de Julho\u00b4 . Os grupos precisam ser necessariamente de uma das cidades da rota hist\u00f3rica [&hellip;]<\/p>\n","protected":false},"author":2,"featured_media":0,"comment_status":"open","ping_status":"open","sticky":false,"template":"","format":"standard","meta":{"_links_to":"","_links_to_target":""},"categories":[1],"tags":[24243,24244,24245],"_links":{"self":[{"href":"https:\/\/www.blogdothame.blog.br\/v1\/wp-json\/wp\/v2\/posts\/89489"}],"collection":[{"href":"https:\/\/www.blogdothame.blog.br\/v1\/wp-json\/wp\/v2\/posts"}],"about":[{"href":"https:\/\/www.blogdothame.blog.br\/v1\/wp-json\/wp\/v2\/types\/post"}],"author":[{"embeddable":true,"href":"https:\/\/www.blogdothame.blog.br\/v1\/wp-json\/wp\/v2\/users\/2"}],"replies":[{"embeddable":true,"href":"https:\/\/www.blogdothame.blog.br\/v1\/wp-json\/wp\/v2\/comments?post=89489"}],"version-history":[{"count":1,"href":"https:\/\/www.blogdothame.blog.br\/v1\/wp-json\/wp\/v2\/posts\/89489\/revisions"}],"predecessor-version":[{"id":89490,"href":"https:\/\/www.blogdothame.blog.br\/v1\/wp-json\/wp\/v2\/posts\/89489\/revisions\/89490"}],"wp:attachment":[{"href":"https:\/\/www.blogdothame.blog.br\/v1\/wp-json\/wp\/v2\/media?parent=89489"}],"wp:term":[{"taxonomy":"category","embeddable":true,"href":"https:\/\/www.blogdothame.blog.br\/v1\/wp-json\/wp\/v2\/categories?post=89489"},{"taxonomy":"post_tag","embeddable":true,"href":"https:\/\/www.blogdothame.blog.br\/v1\/wp-json\/wp\/v2\/tags?post=89489"}],"curies":[{"name":"wp","href":"https:\/\/api.w.org\/{rel}","templated":true}]}}