{"id":89478,"date":"2019-05-01T11:18:27","date_gmt":"2019-05-01T14:18:27","guid":{"rendered":"http:\/\/www.blogdothame.blog.br\/v1\/?p=89478"},"modified":"2019-05-01T10:21:29","modified_gmt":"2019-05-01T13:21:29","slug":"setur-discute-acoes-para-incrementar-fluxo-de-visitantes-na-estrada-do-chocolate","status":"publish","type":"post","link":"https:\/\/www.blogdothame.blog.br\/v1\/2019\/05\/01\/setur-discute-acoes-para-incrementar-fluxo-de-visitantes-na-estrada-do-chocolate\/","title":{"rendered":"Setur discute a\u00e7\u00f5es para incrementar fluxo de visitantes na Estrada do Chocolate"},"content":{"rendered":"<p><img loading=\"lazy\" class=\"aligncenter size-medium wp-image-82795\" src=\"http:\/\/www.blogdothame.blog.br\/v1\/wp-content\/uploads\/2018\/10\/Estrada-do-Chocolate.-Foto-Alfredo-Filho-3-300x200.jpg\" alt=\"Estrada do Chocolate. Foto-Alfredo Filho (3)\" width=\"300\" height=\"200\" srcset=\"https:\/\/www.blogdothame.blog.br\/v1\/wp-content\/uploads\/2018\/10\/Estrada-do-Chocolate.-Foto-Alfredo-Filho-3-300x200.jpg 300w, https:\/\/www.blogdothame.blog.br\/v1\/wp-content\/uploads\/2018\/10\/Estrada-do-Chocolate.-Foto-Alfredo-Filho-3.jpg 800w\" sizes=\"(max-width: 300px) 100vw, 300px\" \/><\/p>\n<p>Com o objetivo de incrementar o fluxo de visitantes na Estrada do Chocolate, no sul da Bahia, a Secretaria do Turismo do Estado (Setur) reuniu o prefeito de Ilh\u00e9us, M\u00e1rio Alexandre, e representantes da Associa\u00e7\u00e3o de Turismo de Ilh\u00e9us (Atil) nesta ter\u00e7a-feira (30). Ao secret\u00e1rio estadual do Turismo, Fausto Franco, e ao subsecret\u00e1rio Benedito Braga o grupo apresentou um diagn\u00f3stico das etapas do projeto da estrada, executado a partir da colabora\u00e7\u00e3o entre o p\u00fablico e o privado.<\/p>\n<p><img loading=\"lazy\" class=\"alignleft size-medium wp-image-89479\" src=\"http:\/\/www.blogdothame.blog.br\/v1\/wp-content\/uploads\/2019\/05\/est-c-300x199.jpg\" alt=\"est c\" width=\"300\" height=\"199\" srcset=\"https:\/\/www.blogdothame.blog.br\/v1\/wp-content\/uploads\/2019\/05\/est-c-300x199.jpg 300w, https:\/\/www.blogdothame.blog.br\/v1\/wp-content\/uploads\/2019\/05\/est-c.jpg 731w\" sizes=\"(max-width: 300px) 100vw, 300px\" \/>\u201cO fortalecimento e a consolida\u00e7\u00e3o da Estrada do Chocolate como primeira rota tem\u00e1tica da Bahia t\u00eam todo o apoio da Secretaria do Turismo e dos \u00f3rg\u00e3os do Governo do Estado envolvidos nesse projeto\u201d, reafirmou Fausto Franco.<\/p>\n<p>Constru\u00edda no trecho da BA-262 que liga Ilh\u00e9us a Uru\u00e7uca, a Estrada do Chocolate permite ao turista conhecer, em visitas guiadas a fazendas, todo o processo de produ\u00e7\u00e3o e fabrica\u00e7\u00e3o do chocolate, do plantio do cacau \u00e0 produ\u00e7\u00e3o e consumo do bombom. \u201cA estrada possui grande potencial tur\u00edstico, mas faltam detalhes como internet, seguran\u00e7a e infraestrutura, para, ent\u00e3o, trabalharmos em sua promo\u00e7\u00e3o\u201d, disse M\u00e1rio Alexandre.<\/p>\n<p><!--more--><br \/>\nA equipe do prefeito vai elaborar um plano de a\u00e7\u00e3o para an\u00e1lise t\u00e9cnica da Superintend\u00eancia de Investimentos (Suinvest) da Setur, com vistas \u00e0 elabora\u00e7\u00e3o conjunta de um projeto executivo que atenda \u00e0s principais demandas. Al\u00e9m da Setur, o projeto envolve secretarias estaduais como a de Desenvolvimento Rural (SDR), de Cultura (Secult), de Desenvolvimento Econ\u00f4mico (SDE), da Fazenda (Sefaz) e do Planejamento (Seplan).<\/p>\n<p>Para Benedito Braga, o investimento em estradas tem\u00e1ticas \u00e9 uma alternativa importante para o fomento da atividade tur\u00edstica no estado. Tamb\u00e9m participaram da reuni\u00e3o, realizada na sede da Setur, em Salvador, o secret\u00e1rio de Turismo de Ilh\u00e9us, F\u00e1bio J\u00fanior; a diretora de Planejamento Tur\u00edstico da Setur, Giulliana Brito; e o t\u00e9cnico da Suinvest, Marcos Miranda.<\/p>\n","protected":false},"excerpt":{"rendered":"<p>Com o objetivo de incrementar o fluxo de visitantes na Estrada do Chocolate, no sul da Bahia, a Secretaria do Turismo do Estado (Setur) reuniu o prefeito de Ilh\u00e9us, M\u00e1rio Alexandre, e representantes da Associa\u00e7\u00e3o de Turismo de Ilh\u00e9us (Atil) nesta ter\u00e7a-feira (30). Ao secret\u00e1rio estadual do Turismo, Fausto Franco, e ao subsecret\u00e1rio Benedito Braga [&hellip;]<\/p>\n","protected":false},"author":2,"featured_media":0,"comment_status":"open","ping_status":"open","sticky":false,"template":"","format":"standard","meta":{"_links_to":"","_links_to_target":""},"categories":[1],"tags":[9283,16,12032,185],"_links":{"self":[{"href":"https:\/\/www.blogdothame.blog.br\/v1\/wp-json\/wp\/v2\/posts\/89478"}],"collection":[{"href":"https:\/\/www.blogdothame.blog.br\/v1\/wp-json\/wp\/v2\/posts"}],"about":[{"href":"https:\/\/www.blogdothame.blog.br\/v1\/wp-json\/wp\/v2\/types\/post"}],"author":[{"embeddable":true,"href":"https:\/\/www.blogdothame.blog.br\/v1\/wp-json\/wp\/v2\/users\/2"}],"replies":[{"embeddable":true,"href":"https:\/\/www.blogdothame.blog.br\/v1\/wp-json\/wp\/v2\/comments?post=89478"}],"version-history":[{"count":1,"href":"https:\/\/www.blogdothame.blog.br\/v1\/wp-json\/wp\/v2\/posts\/89478\/revisions"}],"predecessor-version":[{"id":89480,"href":"https:\/\/www.blogdothame.blog.br\/v1\/wp-json\/wp\/v2\/posts\/89478\/revisions\/89480"}],"wp:attachment":[{"href":"https:\/\/www.blogdothame.blog.br\/v1\/wp-json\/wp\/v2\/media?parent=89478"}],"wp:term":[{"taxonomy":"category","embeddable":true,"href":"https:\/\/www.blogdothame.blog.br\/v1\/wp-json\/wp\/v2\/categories?post=89478"},{"taxonomy":"post_tag","embeddable":true,"href":"https:\/\/www.blogdothame.blog.br\/v1\/wp-json\/wp\/v2\/tags?post=89478"}],"curies":[{"name":"wp","href":"https:\/\/api.w.org\/{rel}","templated":true}]}}